
{"id":83894,"date":"2019-11-29T20:31:04","date_gmt":"2019-11-29T23:31:04","guid":{"rendered":"https:\/\/www.sudoestehoje.com.br\/novoportal\/?p=83894"},"modified":"2019-11-29T21:23:46","modified_gmt":"2019-11-30T00:23:46","slug":"itapetinga-fundacao-jose-silveira-promove-dia-azul-com-atividades-de-prevencao-ao-cancer-de-prostata","status":"publish","type":"post","link":"https:\/\/www.sudoestehoje.com.br\/novoportal\/2019\/11\/29\/itapetinga-fundacao-jose-silveira-promove-dia-azul-com-atividades-de-prevencao-ao-cancer-de-prostata\/","title":{"rendered":"ITAPETINGA: FUNDA\u00c7\u00c3O JOS\u00c9 SILVEIRA PROMOVE &#8216;DIA AZUL&#8217; COM ATIVIDADES DE PREVEN\u00c7\u00c3O AO C\u00c2NCER DE PR\u00d3STATA"},"content":{"rendered":"<p><a href=\"https:\/\/www.sudoestehoje.com.br\/novoportal\/wp-content\/uploads\/2019\/11\/DIA-AZUL-1.jpg\"><img loading=\"lazy\" decoding=\"async\" class=\"aligncenter size-medium wp-image-83896\" src=\"https:\/\/www.sudoestehoje.com.br\/novoportal\/wp-content\/uploads\/2019\/11\/DIA-AZUL-1-500x357.jpg\" alt=\"\" width=\"500\" height=\"357\" srcset=\"https:\/\/www.sudoestehoje.com.br\/novoportal\/wp-content\/uploads\/2019\/11\/DIA-AZUL-1-500x357.jpg 500w, https:\/\/www.sudoestehoje.com.br\/novoportal\/wp-content\/uploads\/2019\/11\/DIA-AZUL-1-768x548.jpg 768w, https:\/\/www.sudoestehoje.com.br\/novoportal\/wp-content\/uploads\/2019\/11\/DIA-AZUL-1-700x499.jpg 700w, https:\/\/www.sudoestehoje.com.br\/novoportal\/wp-content\/uploads\/2019\/11\/DIA-AZUL-1.jpg 1280w\" sizes=\"auto, (max-width: 500px) 100vw, 500px\" \/><\/a><\/p>\n<p>A Funda\u00e7\u00e3o Jos\u00e9 Silveira &#8211; FJS, promoveu, nesta quinta-feira (28), o \u201cDia Azul\u201d, com atividades diversas, voltadas aos cuidados com a sa\u00fade do homem no Hospital Cristo Redentor \u2013 HCR em Itapetinga. O evento em alus\u00e3o ao \u201cNovembro Azul\u201d, teve o objetivo de orientar a popula\u00e7\u00e3o e prevenir o c\u00e2ncer de pr\u00f3stata.<\/p>\n<p><a href=\"https:\/\/www.sudoestehoje.com.br\/novoportal\/wp-content\/uploads\/2019\/11\/DIA-AZUL-4.jpg\"><img loading=\"lazy\" decoding=\"async\" class=\"aligncenter size-medium wp-image-83899\" src=\"https:\/\/www.sudoestehoje.com.br\/novoportal\/wp-content\/uploads\/2019\/11\/DIA-AZUL-4-500x500.jpg\" alt=\"\" width=\"500\" height=\"500\" srcset=\"https:\/\/www.sudoestehoje.com.br\/novoportal\/wp-content\/uploads\/2019\/11\/DIA-AZUL-4-500x500.jpg 500w, https:\/\/www.sudoestehoje.com.br\/novoportal\/wp-content\/uploads\/2019\/11\/DIA-AZUL-4-150x150.jpg 150w, https:\/\/www.sudoestehoje.com.br\/novoportal\/wp-content\/uploads\/2019\/11\/DIA-AZUL-4-700x700.jpg 700w, https:\/\/www.sudoestehoje.com.br\/novoportal\/wp-content\/uploads\/2019\/11\/DIA-AZUL-4.jpg 720w\" sizes=\"auto, (max-width: 500px) 100vw, 500px\" \/><\/a><\/p>\n<p>Dezenas de homens de Itapetinga e Regi\u00e3o marcaram presen\u00e7a na a\u00e7\u00e3o da FJS. Os participantes realizaram consultas com especialistas, como o m\u00e9dico urologista, Dr. Marcelo Gomes e o cl\u00ednico geral, Dr. Emmanoel Santos, tamb\u00e9m foram disponibilizados exames de Eletrocardiograma, Laborat\u00f3rio, PSA (Ant\u00edgeno Prost\u00e1tico Espec\u00edfico) e Raio-X.<\/p>\n<p><a href=\"https:\/\/www.sudoestehoje.com.br\/novoportal\/wp-content\/uploads\/2019\/11\/DIA-AZUL-5.jpg\"><img loading=\"lazy\" decoding=\"async\" class=\"aligncenter size-medium wp-image-83900\" src=\"https:\/\/www.sudoestehoje.com.br\/novoportal\/wp-content\/uploads\/2019\/11\/DIA-AZUL-5-500x500.jpg\" alt=\"\" width=\"500\" height=\"500\" srcset=\"https:\/\/www.sudoestehoje.com.br\/novoportal\/wp-content\/uploads\/2019\/11\/DIA-AZUL-5-500x500.jpg 500w, https:\/\/www.sudoestehoje.com.br\/novoportal\/wp-content\/uploads\/2019\/11\/DIA-AZUL-5-150x150.jpg 150w, https:\/\/www.sudoestehoje.com.br\/novoportal\/wp-content\/uploads\/2019\/11\/DIA-AZUL-5-700x700.jpg 700w, https:\/\/www.sudoestehoje.com.br\/novoportal\/wp-content\/uploads\/2019\/11\/DIA-AZUL-5.jpg 720w\" sizes=\"auto, (max-width: 500px) 100vw, 500px\" \/><\/a><\/p>\n<p>A coordenadora geral da FJS em Itapetinga, Ana B\u00e1rbara Matos, destacou a promo\u00e7\u00e3o de mais uma atividade em prol do combate contra o c\u00e2ncer no munic\u00edpio. \u201cAp\u00f3s o Outubro Rosa, promovemos esse evento em parceria os nossos m\u00e9dicos e mais uma vez mostramos estar engajados na luta contra o c\u00e2ncer de pr\u00f3stata, segundo tipo mais comum entre os homens\u201d, disse.<\/p>\n<p><a href=\"https:\/\/www.sudoestehoje.com.br\/novoportal\/wp-content\/uploads\/2019\/11\/DIA-AZUL-2.jpg\"><img loading=\"lazy\" decoding=\"async\" class=\"aligncenter size-medium wp-image-83897\" src=\"https:\/\/www.sudoestehoje.com.br\/novoportal\/wp-content\/uploads\/2019\/11\/DIA-AZUL-2-500x404.jpg\" alt=\"\" width=\"500\" height=\"404\" srcset=\"https:\/\/www.sudoestehoje.com.br\/novoportal\/wp-content\/uploads\/2019\/11\/DIA-AZUL-2-500x404.jpg 500w, https:\/\/www.sudoestehoje.com.br\/novoportal\/wp-content\/uploads\/2019\/11\/DIA-AZUL-2-768x620.jpg 768w, https:\/\/www.sudoestehoje.com.br\/novoportal\/wp-content\/uploads\/2019\/11\/DIA-AZUL-2-700x565.jpg 700w, https:\/\/www.sudoestehoje.com.br\/novoportal\/wp-content\/uploads\/2019\/11\/DIA-AZUL-2.jpg 1280w\" sizes=\"auto, (max-width: 500px) 100vw, 500px\" \/><\/a><\/p>\n<p>J\u00e1 o coordenador executivo da Federa\u00e7\u00e3o Estadual das Santas Casas \u2013 FESFBA, Leonardo Matos, ressaltou a luta da Funda\u00e7\u00e3o Jos\u00e9 Silveira em campanhas de conscientiza\u00e7\u00e3o contra o c\u00e2ncer, recebi o convite com alegria para prestigiar esse evento no interior e parabenizo o trabalho da FJS em Itapetinga \u201d, afirmou Matos.<a href=\"https:\/\/www.sudoestehoje.com.br\/novoportal\/wp-content\/uploads\/2019\/11\/DIA-AZUL-3.jpg\"><img loading=\"lazy\" decoding=\"async\" class=\"aligncenter size-medium wp-image-83898\" src=\"https:\/\/www.sudoestehoje.com.br\/novoportal\/wp-content\/uploads\/2019\/11\/DIA-AZUL-3-500x375.jpg\" alt=\"\" width=\"500\" height=\"375\" srcset=\"https:\/\/www.sudoestehoje.com.br\/novoportal\/wp-content\/uploads\/2019\/11\/DIA-AZUL-3-500x375.jpg 500w, https:\/\/www.sudoestehoje.com.br\/novoportal\/wp-content\/uploads\/2019\/11\/DIA-AZUL-3-768x576.jpg 768w, https:\/\/www.sudoestehoje.com.br\/novoportal\/wp-content\/uploads\/2019\/11\/DIA-AZUL-3-700x525.jpg 700w, https:\/\/www.sudoestehoje.com.br\/novoportal\/wp-content\/uploads\/2019\/11\/DIA-AZUL-3.jpg 1280w\" sizes=\"auto, (max-width: 500px) 100vw, 500px\" \/><\/a><\/p>\n<p>O \u201cDia Azul\u201d da Funda\u00e7\u00e3o Jos\u00e9 Silveira &#8211; FJS contou com o apoio do presidente da Frente Parlamentar das Santas Casas, o deputado federal Antonio Brito, no Brasil, o c\u00e2ncer de pr\u00f3stata \u00e9 o segundo mais comum entre os homens, atr\u00e1s apenas do c\u00e2ncer de pele n\u00e3o-melanoma. De acordo com informa\u00e7\u00f5es do Instituto Nacional de C\u00e2ncer (INCA), esse ano a estimativa era de aproximadamente 68 mil novos casos e 13 mil mortes.<\/p>\n","protected":false},"excerpt":{"rendered":"<p>A Funda\u00e7\u00e3o Jos\u00e9 Silveira &#8211; FJS, promoveu, nesta quinta-feira (28), o \u201cDia Azul\u201d, com atividades diversas, voltadas aos cuidados com a sa\u00fade do homem no Hospital Cristo Redentor \u2013 HCR em Itapetinga. O evento em alus\u00e3o ao \u201cNovembro Azul\u201d, teve o objetivo de orientar a popula\u00e7\u00e3o e prevenir o c\u00e2ncer de pr\u00f3stata. Dezenas de homens [&hellip;]<\/p>\n","protected":false},"author":2,"featured_media":83896,"comment_status":"open","ping_status":"open","sticky":false,"template":"","format":"standard","meta":{"footnotes":"","_links_to":"","_links_to_target":""},"categories":[1],"tags":[],"class_list":["post-83894","post","type-post","status-publish","format-standard","has-post-thumbnail","hentry","category-geral"],"views":1685,"_links":{"self":[{"href":"https:\/\/www.sudoestehoje.com.br\/novoportal\/wp-json\/wp\/v2\/posts\/83894","targetHints":{"allow":["GET"]}}],"collection":[{"href":"https:\/\/www.sudoestehoje.com.br\/novoportal\/wp-json\/wp\/v2\/posts"}],"about":[{"href":"https:\/\/www.sudoestehoje.com.br\/novoportal\/wp-json\/wp\/v2\/types\/post"}],"author":[{"embeddable":true,"href":"https:\/\/www.sudoestehoje.com.br\/novoportal\/wp-json\/wp\/v2\/users\/2"}],"replies":[{"embeddable":true,"href":"https:\/\/www.sudoestehoje.com.br\/novoportal\/wp-json\/wp\/v2\/comments?post=83894"}],"version-history":[{"count":3,"href":"https:\/\/www.sudoestehoje.com.br\/novoportal\/wp-json\/wp\/v2\/posts\/83894\/revisions"}],"predecessor-version":[{"id":83908,"href":"https:\/\/www.sudoestehoje.com.br\/novoportal\/wp-json\/wp\/v2\/posts\/83894\/revisions\/83908"}],"wp:featuredmedia":[{"embeddable":true,"href":"https:\/\/www.sudoestehoje.com.br\/novoportal\/wp-json\/wp\/v2\/media\/83896"}],"wp:attachment":[{"href":"https:\/\/www.sudoestehoje.com.br\/novoportal\/wp-json\/wp\/v2\/media?parent=83894"}],"wp:term":[{"taxonomy":"category","embeddable":true,"href":"https:\/\/www.sudoestehoje.com.br\/novoportal\/wp-json\/wp\/v2\/categories?post=83894"},{"taxonomy":"post_tag","embeddable":true,"href":"https:\/\/www.sudoestehoje.com.br\/novoportal\/wp-json\/wp\/v2\/tags?post=83894"}],"curies":[{"name":"wp","href":"https:\/\/api.w.org\/{rel}","templated":true}]}}