
{"id":83881,"date":"2019-11-29T15:58:31","date_gmt":"2019-11-29T18:58:31","guid":{"rendered":"https:\/\/www.sudoestehoje.com.br\/novoportal\/?p=83881"},"modified":"2019-11-29T18:06:59","modified_gmt":"2019-11-29T21:06:59","slug":"corpo-de-gugu-liberato-e-enterrado-sob-aplausos-em-sao-paulo","status":"publish","type":"post","link":"https:\/\/www.sudoestehoje.com.br\/novoportal\/2019\/11\/29\/corpo-de-gugu-liberato-e-enterrado-sob-aplausos-em-sao-paulo\/","title":{"rendered":"CORPO DE GUGU LIBERATO \u00c9 ENTERRADO SOB APLAUSOS EM S\u00c3O PAULO"},"content":{"rendered":"<div class=\"mc-column content-text active-extra-styles \" data-block-type=\"unstyled\" data-block-weight=\"47\" data-block-id=\"4\">\n<p data-track-category=\"Link no Texto\" data-track-links=\"\"><a href=\"https:\/\/www.sudoestehoje.com.br\/novoportal\/wp-content\/uploads\/2019\/11\/GUGU-2.jpeg\"><img loading=\"lazy\" decoding=\"async\" class=\"aligncenter size-medium wp-image-83882\" src=\"https:\/\/www.sudoestehoje.com.br\/novoportal\/wp-content\/uploads\/2019\/11\/GUGU-2-500x375.jpeg\" alt=\"\" width=\"500\" height=\"375\" srcset=\"https:\/\/www.sudoestehoje.com.br\/novoportal\/wp-content\/uploads\/2019\/11\/GUGU-2-500x375.jpeg 500w, https:\/\/www.sudoestehoje.com.br\/novoportal\/wp-content\/uploads\/2019\/11\/GUGU-2.jpeg 640w\" sizes=\"auto, (max-width: 500px) 100vw, 500px\" \/><\/a><\/p>\n<p class=\"content-text__container \" data-track-category=\"Link no Texto\" data-track-links=\"\">O corpo deGugu Liberato\u00a0foi enterrado na manh\u00e3 desta sexta-feira (29) sob aplausos e muita emo\u00e7\u00e3o no Cemit\u00e9rio Geths\u00eamani do Morumbi, na Zona Sul de\u00a0S\u00e3o Paulo. F\u00e3s, familiares e amigos participaram da cerim\u00f4nia que foi aberta ao p\u00fablico, a fam\u00edlia teve uma \u00e1rea reservada.<\/p>\n<\/div>\n<div class=\"wall protected-content\">\n<div class=\"mc-column content-text active-extra-styles \" data-block-type=\"unstyled\" data-block-weight=\"37\" data-block-id=\"5\">\n<p class=\"content-text__container \" data-track-category=\"Link no Texto\" data-track-links=\"\">O\u00a0corpo chegou ao local depois de ter sido velado por mais de 20 horas na Assembleia Legislativa de S\u00e3o Paulo.Tamb\u00e9m est\u00e3o enterrados no cemit\u00e9rio os corpos de outros famosos como\u00a0Jair Rodrigues\u00a0e\u00a0Hebe Camargo.<\/p>\n<p data-track-category=\"Link no Texto\" data-track-links=\"\"><a href=\"https:\/\/www.sudoestehoje.com.br\/novoportal\/wp-content\/uploads\/2019\/11\/GUGU-3.jpeg\"><img loading=\"lazy\" decoding=\"async\" class=\"aligncenter size-medium wp-image-83883\" src=\"https:\/\/www.sudoestehoje.com.br\/novoportal\/wp-content\/uploads\/2019\/11\/GUGU-3-500x334.jpeg\" alt=\"\" width=\"500\" height=\"334\" srcset=\"https:\/\/www.sudoestehoje.com.br\/novoportal\/wp-content\/uploads\/2019\/11\/GUGU-3-500x334.jpeg 500w, https:\/\/www.sudoestehoje.com.br\/novoportal\/wp-content\/uploads\/2019\/11\/GUGU-3.jpeg 640w\" sizes=\"auto, (max-width: 500px) 100vw, 500px\" \/><\/a><\/p>\n<div class=\"mc-column content-text active-extra-styles \" data-block-type=\"unstyled\" data-block-weight=\"57\" data-block-id=\"9\">\n<p class=\"content-text__container \" data-track-category=\"Link no Texto\" data-track-links=\"\">O corpo do apresentador chegou em um carro aberto do corpo de Bombeiros e foi acompanhado por uma carreata de taxistas e familiares. Assim como o vel\u00f3rio, o enterro \u00e9 aberto ao p\u00fablico. Entretanto, a fam\u00edlia tem uma \u00e1rea reservada. O filho de Gugu, Jo\u00e3o Liberato, colocou uma rosa em cima do caix\u00e3o do pai.<\/p>\n<\/div>\n<div class=\"mc-column content-text active-extra-styles \" data-block-type=\"unstyled\" data-block-weight=\"35\" data-block-id=\"10\">\n<p class=\"content-text__container \" data-track-category=\"Link no Texto\" data-track-links=\"\">Na chegada ao cemit\u00e9rio os Bombeiros retiraram o caix\u00e3o do carro da corpora\u00e7\u00e3o e o entregaram aos funcion\u00e1rios. Durante o trajeto do carro at\u00e9 o jazigo da fam\u00edlia, f\u00e3s gritavam &#8220;Gugu, eu te amo&#8221;.<\/p>\n<\/div>\n<\/div>\n<\/div>\n","protected":false},"excerpt":{"rendered":"<p>O corpo deGugu Liberato\u00a0foi enterrado na manh\u00e3 desta sexta-feira (29) sob aplausos e muita emo\u00e7\u00e3o no Cemit\u00e9rio Geths\u00eamani do Morumbi, na Zona Sul de\u00a0S\u00e3o Paulo. F\u00e3s, familiares e amigos participaram da cerim\u00f4nia que foi aberta ao p\u00fablico, a fam\u00edlia teve uma \u00e1rea reservada. O\u00a0corpo chegou ao local depois de ter sido velado por mais de [&hellip;]<\/p>\n","protected":false},"author":2,"featured_media":83882,"comment_status":"open","ping_status":"open","sticky":false,"template":"","format":"standard","meta":{"footnotes":"","_links_to":"","_links_to_target":""},"categories":[1],"tags":[],"class_list":["post-83881","post","type-post","status-publish","format-standard","has-post-thumbnail","hentry","category-geral"],"views":892,"_links":{"self":[{"href":"https:\/\/www.sudoestehoje.com.br\/novoportal\/wp-json\/wp\/v2\/posts\/83881","targetHints":{"allow":["GET"]}}],"collection":[{"href":"https:\/\/www.sudoestehoje.com.br\/novoportal\/wp-json\/wp\/v2\/posts"}],"about":[{"href":"https:\/\/www.sudoestehoje.com.br\/novoportal\/wp-json\/wp\/v2\/types\/post"}],"author":[{"embeddable":true,"href":"https:\/\/www.sudoestehoje.com.br\/novoportal\/wp-json\/wp\/v2\/users\/2"}],"replies":[{"embeddable":true,"href":"https:\/\/www.sudoestehoje.com.br\/novoportal\/wp-json\/wp\/v2\/comments?post=83881"}],"version-history":[{"count":1,"href":"https:\/\/www.sudoestehoje.com.br\/novoportal\/wp-json\/wp\/v2\/posts\/83881\/revisions"}],"predecessor-version":[{"id":83884,"href":"https:\/\/www.sudoestehoje.com.br\/novoportal\/wp-json\/wp\/v2\/posts\/83881\/revisions\/83884"}],"wp:featuredmedia":[{"embeddable":true,"href":"https:\/\/www.sudoestehoje.com.br\/novoportal\/wp-json\/wp\/v2\/media\/83882"}],"wp:attachment":[{"href":"https:\/\/www.sudoestehoje.com.br\/novoportal\/wp-json\/wp\/v2\/media?parent=83881"}],"wp:term":[{"taxonomy":"category","embeddable":true,"href":"https:\/\/www.sudoestehoje.com.br\/novoportal\/wp-json\/wp\/v2\/categories?post=83881"},{"taxonomy":"post_tag","embeddable":true,"href":"https:\/\/www.sudoestehoje.com.br\/novoportal\/wp-json\/wp\/v2\/tags?post=83881"}],"curies":[{"name":"wp","href":"https:\/\/api.w.org\/{rel}","templated":true}]}}