
{"id":83860,"date":"2019-11-27T20:18:22","date_gmt":"2019-11-27T23:18:22","guid":{"rendered":"https:\/\/www.sudoestehoje.com.br\/novoportal\/?p=83860"},"modified":"2019-11-27T20:18:22","modified_gmt":"2019-11-27T23:18:22","slug":"trf-4-condena-lula-em-2a-instancia-e-aumenta-pena-para-17-anos-de-prisao","status":"publish","type":"post","link":"https:\/\/www.sudoestehoje.com.br\/novoportal\/2019\/11\/27\/trf-4-condena-lula-em-2a-instancia-e-aumenta-pena-para-17-anos-de-prisao\/","title":{"rendered":"TRF-4 CONDENA LULA EM 2\u00aa INST\u00c2NCIA E AUMENTA PENA PARA 17 ANOS DE PRIS\u00c3O"},"content":{"rendered":"<p><a href=\"https:\/\/www.sudoestehoje.com.br\/novoportal\/wp-content\/uploads\/2019\/11\/lula-julgamento-600x333.jpg\"><img loading=\"lazy\" decoding=\"async\" class=\"aligncenter size-medium wp-image-83863\" src=\"https:\/\/www.sudoestehoje.com.br\/novoportal\/wp-content\/uploads\/2019\/11\/lula-julgamento-600x333-500x278.jpg\" alt=\"\" width=\"500\" height=\"278\" srcset=\"https:\/\/www.sudoestehoje.com.br\/novoportal\/wp-content\/uploads\/2019\/11\/lula-julgamento-600x333-500x278.jpg 500w, https:\/\/www.sudoestehoje.com.br\/novoportal\/wp-content\/uploads\/2019\/11\/lula-julgamento-600x333.jpg 600w\" sizes=\"auto, (max-width: 500px) 100vw, 500px\" \/><\/a><\/p>\n<p>O Tribunal Regional Federal da 4\u00aa Regi\u00e3o (TRF) condenou o ex-presidente Lula, em segunda inst\u00e2ncia, no caso do <strong>s\u00edtio de Atibaia<\/strong>, nesta quarta-feira (27).\u00a0Al\u00e9m disso, os desembargadores Leandro Paulsen e Carlos Eduardo Thompson Flores seguiram\u00a0Jo\u00e3o Pedro Gebran Neto, relator do processo, e votaram por\u00a0<a href=\"https:\/\/bahia.ba\/politica\/sitio-de-atibaia-relator-defende-aumentar-pena-de-lula-para-17-anos\/\" target=\"_blank\" rel=\"noopener noreferrer\">aumentar a pena<\/a>\u00a0do petista para <strong>17 anos e 1 m\u00eas de pris\u00e3o<\/strong>, conforme a Folha.<\/p>\n<p>Os magistrados recusaram pedido da defesa de Lula para anular a senten\u00e7a da 1\u00aa inst\u00e2ncia, que condenou o ex-presidente a 12 anos e 11 meses de pris\u00e3o.<\/p>\n<p>Os desembargadores n\u00e3o seguiram decis\u00e3o recente do Supremo Tribunal Federal (STF), que determinou que r\u00e9us delatados devem se manifestar por \u00faltimo na etapa de alega\u00e7\u00f5es finais, o que n\u00e3o aconteceu no processo do s\u00edtio.<\/p>\n<p>No entendimento dos tr\u00eas desembargadores, a senten\u00e7a s\u00f3 poderia ser anulada se comprovado o preju\u00edzo \u00e0s partes, o que n\u00e3o teria ocorrido. Os ministros do STF ainda deixaram em aberto a discuss\u00e3o sobre poss\u00edveis restri\u00e7\u00f5es ao alcance da decis\u00e3o, com o objetivo de evitar uma avalanche de anula\u00e7\u00f5es de senten\u00e7as.<\/p>\n","protected":false},"excerpt":{"rendered":"<p>O Tribunal Regional Federal da 4\u00aa Regi\u00e3o (TRF) condenou o ex-presidente Lula, em segunda inst\u00e2ncia, no caso do s\u00edtio de Atibaia, nesta quarta-feira (27).\u00a0Al\u00e9m disso, os desembargadores Leandro Paulsen e Carlos Eduardo Thompson Flores seguiram\u00a0Jo\u00e3o Pedro Gebran Neto, relator do processo, e votaram por\u00a0aumentar a pena\u00a0do petista para 17 anos e 1 m\u00eas de pris\u00e3o, [&hellip;]<\/p>\n","protected":false},"author":2,"featured_media":83863,"comment_status":"open","ping_status":"open","sticky":false,"template":"","format":"standard","meta":{"footnotes":"","_links_to":"","_links_to_target":""},"categories":[1],"tags":[],"class_list":["post-83860","post","type-post","status-publish","format-standard","has-post-thumbnail","hentry","category-geral"],"views":729,"_links":{"self":[{"href":"https:\/\/www.sudoestehoje.com.br\/novoportal\/wp-json\/wp\/v2\/posts\/83860","targetHints":{"allow":["GET"]}}],"collection":[{"href":"https:\/\/www.sudoestehoje.com.br\/novoportal\/wp-json\/wp\/v2\/posts"}],"about":[{"href":"https:\/\/www.sudoestehoje.com.br\/novoportal\/wp-json\/wp\/v2\/types\/post"}],"author":[{"embeddable":true,"href":"https:\/\/www.sudoestehoje.com.br\/novoportal\/wp-json\/wp\/v2\/users\/2"}],"replies":[{"embeddable":true,"href":"https:\/\/www.sudoestehoje.com.br\/novoportal\/wp-json\/wp\/v2\/comments?post=83860"}],"version-history":[{"count":3,"href":"https:\/\/www.sudoestehoje.com.br\/novoportal\/wp-json\/wp\/v2\/posts\/83860\/revisions"}],"predecessor-version":[{"id":83864,"href":"https:\/\/www.sudoestehoje.com.br\/novoportal\/wp-json\/wp\/v2\/posts\/83860\/revisions\/83864"}],"wp:featuredmedia":[{"embeddable":true,"href":"https:\/\/www.sudoestehoje.com.br\/novoportal\/wp-json\/wp\/v2\/media\/83863"}],"wp:attachment":[{"href":"https:\/\/www.sudoestehoje.com.br\/novoportal\/wp-json\/wp\/v2\/media?parent=83860"}],"wp:term":[{"taxonomy":"category","embeddable":true,"href":"https:\/\/www.sudoestehoje.com.br\/novoportal\/wp-json\/wp\/v2\/categories?post=83860"},{"taxonomy":"post_tag","embeddable":true,"href":"https:\/\/www.sudoestehoje.com.br\/novoportal\/wp-json\/wp\/v2\/tags?post=83860"}],"curies":[{"name":"wp","href":"https:\/\/api.w.org\/{rel}","templated":true}]}}