
{"id":83855,"date":"2019-11-26T22:32:26","date_gmt":"2019-11-27T01:32:26","guid":{"rendered":"https:\/\/www.sudoestehoje.com.br\/novoportal\/?p=83855"},"modified":"2019-11-26T22:32:26","modified_gmt":"2019-11-27T01:32:26","slug":"governo-reduz-para-r-1-031-previsao-de-salario-minimo-para-2020","status":"publish","type":"post","link":"https:\/\/www.sudoestehoje.com.br\/novoportal\/2019\/11\/26\/governo-reduz-para-r-1-031-previsao-de-salario-minimo-para-2020\/","title":{"rendered":"GOVERNO REDUZ PARA R$ 1.031 PREVIS\u00c3O DE SAL\u00c1RIO M\u00cdNIMO PARA 2020"},"content":{"rendered":"<p><a href=\"https:\/\/www.sudoestehoje.com.br\/novoportal\/wp-content\/uploads\/2019\/11\/MINIMO-2020.jpg\"><img loading=\"lazy\" decoding=\"async\" class=\"aligncenter size-medium wp-image-83857\" src=\"https:\/\/www.sudoestehoje.com.br\/novoportal\/wp-content\/uploads\/2019\/11\/MINIMO-2020-500x258.jpg\" alt=\"\" width=\"500\" height=\"258\" srcset=\"https:\/\/www.sudoestehoje.com.br\/novoportal\/wp-content\/uploads\/2019\/11\/MINIMO-2020-500x258.jpg 500w, https:\/\/www.sudoestehoje.com.br\/novoportal\/wp-content\/uploads\/2019\/11\/MINIMO-2020.jpg 600w\" sizes=\"auto, (max-width: 500px) 100vw, 500px\" \/><\/a><\/p>\n<p>O sal\u00e1rio m\u00ednimo para o pr\u00f3ximo ano ficar\u00e1 em R$ 1.031, anunciou no fim da tarde desta ter\u00e7a-feira (26) o secret\u00e1rio especial de Fazenda do Minist\u00e9rio da Economia, Waldery Rodrigues. O valor representa redu\u00e7\u00e3o de R$ 8 em rela\u00e7\u00e3o ao projeto de lei do Or\u00e7amento Geral da Uni\u00e3o do pr\u00f3ximo ano, que previa m\u00ednimo de R$ 1.039 para o pr\u00f3ximo ano.<\/p>\n<p>O novo valor do m\u00ednimo consta de mensagem modificativa do Or\u00e7amento de 2020 enviada nesta ter\u00e7a-feira (26) pelo governo ao Congresso Nacional. Segundo Rodrigues, a queda da proje\u00e7\u00e3o se justifica pela redu\u00e7\u00e3o das estimativas da infla\u00e7\u00e3o pelo \u00cdndice Nacional de Pre\u00e7os ao Consumidor (INPC) para o pr\u00f3ximo ano, de acordo com a Ag\u00eancia Brasil.<\/p>\n<p>A mensagem modificativa reduziu para 3,5% a estimativa para o INPC em 2020, meio ponto percentual a menos que a proje\u00e7\u00e3o de 4% que constava no projeto de lei do Or\u00e7amento. A previs\u00e3o do \u00cdndice Nacional de Pre\u00e7os ao Consumidor Amplo (IPCA), usado como \u00edndice oficial de infla\u00e7\u00e3o, caiu de 3,9% para 3,5%.<\/p>\n<p>A estimativa de crescimento para a economia, em contrapartida, aumentou de 2,17% para 2,32%. A estimativa para a cota\u00e7\u00e3o m\u00e9dia do d\u00f3lar no pr\u00f3ximo ano aumentou de R$ 3,80 para R$ 4.<\/p>\n<p>Ao anunciar a revis\u00e3o das estimativas, Rodrigues destacou que a nova pol\u00edtica para o sal\u00e1rio m\u00ednimo s\u00f3 ser\u00e1 decidida nas pr\u00f3ximas semanas pelo presidente Jair Bolsonaro. O secret\u00e1rio de Fazenda, no entanto, diz que o valor servir\u00e1 de refer\u00eancia para o Pal\u00e1cio do Planalto.<\/p>\n","protected":false},"excerpt":{"rendered":"<p>O sal\u00e1rio m\u00ednimo para o pr\u00f3ximo ano ficar\u00e1 em R$ 1.031, anunciou no fim da tarde desta ter\u00e7a-feira (26) o secret\u00e1rio especial de Fazenda do Minist\u00e9rio da Economia, Waldery Rodrigues. O valor representa redu\u00e7\u00e3o de R$ 8 em rela\u00e7\u00e3o ao projeto de lei do Or\u00e7amento Geral da Uni\u00e3o do pr\u00f3ximo ano, que previa m\u00ednimo de [&hellip;]<\/p>\n","protected":false},"author":2,"featured_media":83857,"comment_status":"open","ping_status":"open","sticky":false,"template":"","format":"standard","meta":{"footnotes":"","_links_to":"","_links_to_target":""},"categories":[1],"tags":[],"class_list":["post-83855","post","type-post","status-publish","format-standard","has-post-thumbnail","hentry","category-geral"],"views":769,"_links":{"self":[{"href":"https:\/\/www.sudoestehoje.com.br\/novoportal\/wp-json\/wp\/v2\/posts\/83855","targetHints":{"allow":["GET"]}}],"collection":[{"href":"https:\/\/www.sudoestehoje.com.br\/novoportal\/wp-json\/wp\/v2\/posts"}],"about":[{"href":"https:\/\/www.sudoestehoje.com.br\/novoportal\/wp-json\/wp\/v2\/types\/post"}],"author":[{"embeddable":true,"href":"https:\/\/www.sudoestehoje.com.br\/novoportal\/wp-json\/wp\/v2\/users\/2"}],"replies":[{"embeddable":true,"href":"https:\/\/www.sudoestehoje.com.br\/novoportal\/wp-json\/wp\/v2\/comments?post=83855"}],"version-history":[{"count":1,"href":"https:\/\/www.sudoestehoje.com.br\/novoportal\/wp-json\/wp\/v2\/posts\/83855\/revisions"}],"predecessor-version":[{"id":83858,"href":"https:\/\/www.sudoestehoje.com.br\/novoportal\/wp-json\/wp\/v2\/posts\/83855\/revisions\/83858"}],"wp:featuredmedia":[{"embeddable":true,"href":"https:\/\/www.sudoestehoje.com.br\/novoportal\/wp-json\/wp\/v2\/media\/83857"}],"wp:attachment":[{"href":"https:\/\/www.sudoestehoje.com.br\/novoportal\/wp-json\/wp\/v2\/media?parent=83855"}],"wp:term":[{"taxonomy":"category","embeddable":true,"href":"https:\/\/www.sudoestehoje.com.br\/novoportal\/wp-json\/wp\/v2\/categories?post=83855"},{"taxonomy":"post_tag","embeddable":true,"href":"https:\/\/www.sudoestehoje.com.br\/novoportal\/wp-json\/wp\/v2\/tags?post=83855"}],"curies":[{"name":"wp","href":"https:\/\/api.w.org\/{rel}","templated":true}]}}