
{"id":83838,"date":"2019-11-26T13:03:52","date_gmt":"2019-11-26T16:03:52","guid":{"rendered":"https:\/\/www.sudoestehoje.com.br\/novoportal\/?p=83838"},"modified":"2019-11-26T13:03:52","modified_gmt":"2019-11-26T16:03:52","slug":"itapetinga-fundacao-jose-silveira-promove-o-dia-azul-nesta-quinta","status":"publish","type":"post","link":"https:\/\/www.sudoestehoje.com.br\/novoportal\/2019\/11\/26\/itapetinga-fundacao-jose-silveira-promove-o-dia-azul-nesta-quinta\/","title":{"rendered":"ITAPETINGA: FUNDA\u00c7\u00c3O JOS\u00c9 SILVEIRA PROMOVE O &#8216;DIA AZUL&#8217; NESTA QUINTA"},"content":{"rendered":"<p><a href=\"https:\/\/www.sudoestehoje.com.br\/novoportal\/wp-content\/uploads\/2019\/11\/DIA-AZUL.jpg\"><img loading=\"lazy\" decoding=\"async\" class=\"aligncenter size-medium wp-image-83840\" src=\"https:\/\/www.sudoestehoje.com.br\/novoportal\/wp-content\/uploads\/2019\/11\/DIA-AZUL-500x500.jpg\" alt=\"\" width=\"500\" height=\"500\" srcset=\"https:\/\/www.sudoestehoje.com.br\/novoportal\/wp-content\/uploads\/2019\/11\/DIA-AZUL-500x500.jpg 500w, https:\/\/www.sudoestehoje.com.br\/novoportal\/wp-content\/uploads\/2019\/11\/DIA-AZUL-150x150.jpg 150w, https:\/\/www.sudoestehoje.com.br\/novoportal\/wp-content\/uploads\/2019\/11\/DIA-AZUL-768x767.jpg 768w, https:\/\/www.sudoestehoje.com.br\/novoportal\/wp-content\/uploads\/2019\/11\/DIA-AZUL-700x699.jpg 700w, https:\/\/www.sudoestehoje.com.br\/novoportal\/wp-content\/uploads\/2019\/11\/DIA-AZUL.jpg 1280w\" sizes=\"auto, (max-width: 500px) 100vw, 500px\" \/><\/a><\/p>\n<p>Como parte da campanha Novembro Azul na Bahia, a Funda\u00e7\u00e3o Jos\u00e9 Silveira vai promover o \u201cDia Azul\u201d no munic\u00edpio de Itapetinga. A a\u00e7\u00e3o ser\u00e1 realizada na pr\u00f3xima quinta-feira (28), a partir das 14h30 no Hospital Cristo Redentor.<\/p>\n<p>No evento ser\u00e3o oferecidos atendimentos gratuitos nas seguintes especialidades, como: Cardiologia, Cl\u00ednica M\u00e9dica e Urologia, al\u00e9m da realiza\u00e7\u00e3o de exames: Eletrocardiograma, Laborat\u00f3rio, PSA, Raio-X, Aferimento de PA e Glicemia.<\/p>\n<p>De acordo com a coordenadora geral da unidade, Ana B\u00e1rbara Matos, o \u201cDia Azul\u201d ser\u00e1 voltado para homens acima de 45 anos, visto que no m\u00eas de Novembro \u00e9 celebrado o \u201cNovembro Azul\u201d, campanha mundial de conscientiza\u00e7\u00e3o que tem como objetivo alertar os homens sobre a import\u00e2ncia da preven\u00e7\u00e3o e do diagn\u00f3stico precoce do c\u00e2ncer de pr\u00f3stata e a sa\u00fade do homem.<\/p>\n<p>Para o atendimento, \u00e9 necess\u00e1ria apresenta\u00e7\u00e3o do RG, Comprovante de Resid\u00eancia e Cart\u00e3o do Sistema \u00danico de Sa\u00fade (SUS). Para os exames \u00e9 necess\u00e1ria a requisi\u00e7\u00e3o m\u00e9dica.<\/p>\n<p>Os atendimentos ser\u00e3o por ordem de chegada, com vagas limitadas.<\/p>\n","protected":false},"excerpt":{"rendered":"<p>Como parte da campanha Novembro Azul na Bahia, a Funda\u00e7\u00e3o Jos\u00e9 Silveira vai promover o \u201cDia Azul\u201d no munic\u00edpio de Itapetinga. A a\u00e7\u00e3o ser\u00e1 realizada na pr\u00f3xima quinta-feira (28), a partir das 14h30 no Hospital Cristo Redentor. No evento ser\u00e3o oferecidos atendimentos gratuitos nas seguintes especialidades, como: Cardiologia, Cl\u00ednica M\u00e9dica e Urologia, al\u00e9m da realiza\u00e7\u00e3o [&hellip;]<\/p>\n","protected":false},"author":2,"featured_media":83840,"comment_status":"open","ping_status":"open","sticky":false,"template":"","format":"standard","meta":{"footnotes":"","_links_to":"","_links_to_target":""},"categories":[1],"tags":[],"class_list":["post-83838","post","type-post","status-publish","format-standard","has-post-thumbnail","hentry","category-geral"],"views":931,"_links":{"self":[{"href":"https:\/\/www.sudoestehoje.com.br\/novoportal\/wp-json\/wp\/v2\/posts\/83838","targetHints":{"allow":["GET"]}}],"collection":[{"href":"https:\/\/www.sudoestehoje.com.br\/novoportal\/wp-json\/wp\/v2\/posts"}],"about":[{"href":"https:\/\/www.sudoestehoje.com.br\/novoportal\/wp-json\/wp\/v2\/types\/post"}],"author":[{"embeddable":true,"href":"https:\/\/www.sudoestehoje.com.br\/novoportal\/wp-json\/wp\/v2\/users\/2"}],"replies":[{"embeddable":true,"href":"https:\/\/www.sudoestehoje.com.br\/novoportal\/wp-json\/wp\/v2\/comments?post=83838"}],"version-history":[{"count":2,"href":"https:\/\/www.sudoestehoje.com.br\/novoportal\/wp-json\/wp\/v2\/posts\/83838\/revisions"}],"predecessor-version":[{"id":83841,"href":"https:\/\/www.sudoestehoje.com.br\/novoportal\/wp-json\/wp\/v2\/posts\/83838\/revisions\/83841"}],"wp:featuredmedia":[{"embeddable":true,"href":"https:\/\/www.sudoestehoje.com.br\/novoportal\/wp-json\/wp\/v2\/media\/83840"}],"wp:attachment":[{"href":"https:\/\/www.sudoestehoje.com.br\/novoportal\/wp-json\/wp\/v2\/media?parent=83838"}],"wp:term":[{"taxonomy":"category","embeddable":true,"href":"https:\/\/www.sudoestehoje.com.br\/novoportal\/wp-json\/wp\/v2\/categories?post=83838"},{"taxonomy":"post_tag","embeddable":true,"href":"https:\/\/www.sudoestehoje.com.br\/novoportal\/wp-json\/wp\/v2\/tags?post=83838"}],"curies":[{"name":"wp","href":"https:\/\/api.w.org\/{rel}","templated":true}]}}