
{"id":83835,"date":"2019-11-25T21:49:37","date_gmt":"2019-11-26T00:49:37","guid":{"rendered":"https:\/\/www.sudoestehoje.com.br\/novoportal\/?p=83835"},"modified":"2019-11-25T21:49:37","modified_gmt":"2019-11-26T00:49:37","slug":"predio-da-prefeitura-de-itapetinga-foi-atingido-pelo-temporal-reforma-ja-comecou","status":"publish","type":"post","link":"https:\/\/www.sudoestehoje.com.br\/novoportal\/2019\/11\/25\/predio-da-prefeitura-de-itapetinga-foi-atingido-pelo-temporal-reforma-ja-comecou\/","title":{"rendered":"PR\u00c9DIO DA PREFEITURA DE ITAPETINGA FOI ATINGIDO PELO TEMPORAL; REFORMA J\u00c1 COME\u00c7OU"},"content":{"rendered":"<p><a href=\"https:\/\/www.sudoestehoje.com.br\/novoportal\/wp-content\/uploads\/2019\/11\/REFORMA-PREFEITURA.jpg\"><img loading=\"lazy\" decoding=\"async\" class=\"aligncenter size-medium wp-image-83836\" src=\"https:\/\/www.sudoestehoje.com.br\/novoportal\/wp-content\/uploads\/2019\/11\/REFORMA-PREFEITURA-500x375.jpg\" alt=\"\" width=\"500\" height=\"375\" srcset=\"https:\/\/www.sudoestehoje.com.br\/novoportal\/wp-content\/uploads\/2019\/11\/REFORMA-PREFEITURA-500x375.jpg 500w, https:\/\/www.sudoestehoje.com.br\/novoportal\/wp-content\/uploads\/2019\/11\/REFORMA-PREFEITURA-768x576.jpg 768w, https:\/\/www.sudoestehoje.com.br\/novoportal\/wp-content\/uploads\/2019\/11\/REFORMA-PREFEITURA-700x525.jpg 700w, https:\/\/www.sudoestehoje.com.br\/novoportal\/wp-content\/uploads\/2019\/11\/REFORMA-PREFEITURA.jpg 960w\" sizes=\"auto, (max-width: 500px) 100vw, 500px\" \/><\/a><\/p>\n<p>O pr\u00e9dio da Prefeitura, no centro da cidade, tamb\u00e9m ficou danificado depois da ventania e chuva deste domingo, 28. Parte da cobertura foi arrancada pela for\u00e7a do vento, o que fez a parte interna ser atingida pelas \u00e1guas da chuva.<\/p>\n<p>Os reparos, que se iniciaram na manh\u00e3 de hoje, seguir\u00e3o por toda a semana. Portanto, o funcionamento e atendimento ao p\u00fablico est\u00e3o suspensos at\u00e9 quinta-feira, 28.<\/p>\n","protected":false},"excerpt":{"rendered":"<p>O pr\u00e9dio da Prefeitura, no centro da cidade, tamb\u00e9m ficou danificado depois da ventania e chuva deste domingo, 28. Parte da cobertura foi arrancada pela for\u00e7a do vento, o que fez a parte interna ser atingida pelas \u00e1guas da chuva. Os reparos, que se iniciaram na manh\u00e3 de hoje, seguir\u00e3o por toda a semana. Portanto, [&hellip;]<\/p>\n","protected":false},"author":2,"featured_media":83836,"comment_status":"open","ping_status":"open","sticky":false,"template":"","format":"standard","meta":{"footnotes":"","_links_to":"","_links_to_target":""},"categories":[1],"tags":[],"class_list":["post-83835","post","type-post","status-publish","format-standard","has-post-thumbnail","hentry","category-geral"],"views":1145,"_links":{"self":[{"href":"https:\/\/www.sudoestehoje.com.br\/novoportal\/wp-json\/wp\/v2\/posts\/83835","targetHints":{"allow":["GET"]}}],"collection":[{"href":"https:\/\/www.sudoestehoje.com.br\/novoportal\/wp-json\/wp\/v2\/posts"}],"about":[{"href":"https:\/\/www.sudoestehoje.com.br\/novoportal\/wp-json\/wp\/v2\/types\/post"}],"author":[{"embeddable":true,"href":"https:\/\/www.sudoestehoje.com.br\/novoportal\/wp-json\/wp\/v2\/users\/2"}],"replies":[{"embeddable":true,"href":"https:\/\/www.sudoestehoje.com.br\/novoportal\/wp-json\/wp\/v2\/comments?post=83835"}],"version-history":[{"count":1,"href":"https:\/\/www.sudoestehoje.com.br\/novoportal\/wp-json\/wp\/v2\/posts\/83835\/revisions"}],"predecessor-version":[{"id":83837,"href":"https:\/\/www.sudoestehoje.com.br\/novoportal\/wp-json\/wp\/v2\/posts\/83835\/revisions\/83837"}],"wp:featuredmedia":[{"embeddable":true,"href":"https:\/\/www.sudoestehoje.com.br\/novoportal\/wp-json\/wp\/v2\/media\/83836"}],"wp:attachment":[{"href":"https:\/\/www.sudoestehoje.com.br\/novoportal\/wp-json\/wp\/v2\/media?parent=83835"}],"wp:term":[{"taxonomy":"category","embeddable":true,"href":"https:\/\/www.sudoestehoje.com.br\/novoportal\/wp-json\/wp\/v2\/categories?post=83835"},{"taxonomy":"post_tag","embeddable":true,"href":"https:\/\/www.sudoestehoje.com.br\/novoportal\/wp-json\/wp\/v2\/tags?post=83835"}],"curies":[{"name":"wp","href":"https:\/\/api.w.org\/{rel}","templated":true}]}}