
{"id":83821,"date":"2019-11-25T20:10:36","date_gmt":"2019-11-25T23:10:36","guid":{"rendered":"https:\/\/www.sudoestehoje.com.br\/novoportal\/?p=83821"},"modified":"2019-11-25T20:10:36","modified_gmt":"2019-11-25T23:10:36","slug":"tragedia-jovem-dentista-morre-em-acidente-de-carro-na-regiao-de-jequie","status":"publish","type":"post","link":"https:\/\/www.sudoestehoje.com.br\/novoportal\/2019\/11\/25\/tragedia-jovem-dentista-morre-em-acidente-de-carro-na-regiao-de-jequie\/","title":{"rendered":"TRAG\u00c9DIA: JOVEM DENTISTA MORRE EM ACIDENTE DE CARRO NA REGI\u00c3O DE JEQUI\u00c9"},"content":{"rendered":"<p><a href=\"https:\/\/www.sudoestehoje.com.br\/novoportal\/wp-content\/uploads\/2019\/11\/Carro-Mariana.jpg\"><img loading=\"lazy\" decoding=\"async\" class=\"aligncenter size-medium wp-image-83822\" src=\"https:\/\/www.sudoestehoje.com.br\/novoportal\/wp-content\/uploads\/2019\/11\/Carro-Mariana-500x316.jpg\" alt=\"\" width=\"500\" height=\"316\" \/><\/a><\/p>\n<p>A jovem odont\u00f3loga Mariana Menezes morreu em grave acidente ocorrido por volta das 07h dessa segunda-feira (25) na BR-330, trecho entre Jita\u00fana e Jequi\u00e9.<\/p>\n<p>Segundo informa\u00e7\u00f5es da PRF, Mariana conduzia um autom\u00f3vel modelo Ford KA, de cor branca, que colidiu com a lateral de um caminh\u00e3o-ba\u00fa na rodovia.<\/p>\n<p>A jovem foi arremessada do ve\u00edculo e n\u00e3o resistiu, falecendo no local. Com o impacto, o cinto teria se rompido com as ferragens. Um garoto, de 9 anos,\u00a0 tamb\u00e9m estava no carro de passeio, mas sofreu apenas ferimentos leves.<\/p>\n<p><a href=\"https:\/\/www.sudoestehoje.com.br\/novoportal\/wp-content\/uploads\/2019\/11\/mariana-1.jpg\"><img loading=\"lazy\" decoding=\"async\" class=\"aligncenter size-medium wp-image-83824\" src=\"https:\/\/www.sudoestehoje.com.br\/novoportal\/wp-content\/uploads\/2019\/11\/mariana-1-500x330.jpg\" alt=\"\" width=\"500\" height=\"330\" \/><\/a><\/p>\n<p>Mariana viajava com destino a cidade de Marac\u00e1s, onde trabalhava. O corpo foi removido pelo DPT e encaminhado para o IML de Jequi\u00e9.<\/p>\n","protected":false},"excerpt":{"rendered":"<p>A jovem odont\u00f3loga Mariana Menezes morreu em grave acidente ocorrido por volta das 07h dessa segunda-feira (25) na BR-330, trecho entre Jita\u00fana e Jequi\u00e9. Segundo informa\u00e7\u00f5es da PRF, Mariana conduzia um autom\u00f3vel modelo Ford KA, de cor branca, que colidiu com a lateral de um caminh\u00e3o-ba\u00fa na rodovia. A jovem foi arremessada do ve\u00edculo e [&hellip;]<\/p>\n","protected":false},"author":2,"featured_media":83822,"comment_status":"open","ping_status":"open","sticky":false,"template":"","format":"standard","meta":{"footnotes":"","_links_to":"","_links_to_target":""},"categories":[1],"tags":[],"class_list":["post-83821","post","type-post","status-publish","format-standard","has-post-thumbnail","hentry","category-geral"],"views":1526,"_links":{"self":[{"href":"https:\/\/www.sudoestehoje.com.br\/novoportal\/wp-json\/wp\/v2\/posts\/83821","targetHints":{"allow":["GET"]}}],"collection":[{"href":"https:\/\/www.sudoestehoje.com.br\/novoportal\/wp-json\/wp\/v2\/posts"}],"about":[{"href":"https:\/\/www.sudoestehoje.com.br\/novoportal\/wp-json\/wp\/v2\/types\/post"}],"author":[{"embeddable":true,"href":"https:\/\/www.sudoestehoje.com.br\/novoportal\/wp-json\/wp\/v2\/users\/2"}],"replies":[{"embeddable":true,"href":"https:\/\/www.sudoestehoje.com.br\/novoportal\/wp-json\/wp\/v2\/comments?post=83821"}],"version-history":[{"count":2,"href":"https:\/\/www.sudoestehoje.com.br\/novoportal\/wp-json\/wp\/v2\/posts\/83821\/revisions"}],"predecessor-version":[{"id":83826,"href":"https:\/\/www.sudoestehoje.com.br\/novoportal\/wp-json\/wp\/v2\/posts\/83821\/revisions\/83826"}],"wp:featuredmedia":[{"embeddable":true,"href":"https:\/\/www.sudoestehoje.com.br\/novoportal\/wp-json\/wp\/v2\/media\/83822"}],"wp:attachment":[{"href":"https:\/\/www.sudoestehoje.com.br\/novoportal\/wp-json\/wp\/v2\/media?parent=83821"}],"wp:term":[{"taxonomy":"category","embeddable":true,"href":"https:\/\/www.sudoestehoje.com.br\/novoportal\/wp-json\/wp\/v2\/categories?post=83821"},{"taxonomy":"post_tag","embeddable":true,"href":"https:\/\/www.sudoestehoje.com.br\/novoportal\/wp-json\/wp\/v2\/tags?post=83821"}],"curies":[{"name":"wp","href":"https:\/\/api.w.org\/{rel}","templated":true}]}}