
{"id":83817,"date":"2019-11-25T11:05:42","date_gmt":"2019-11-25T14:05:42","guid":{"rendered":"https:\/\/www.sudoestehoje.com.br\/novoportal\/?p=83817"},"modified":"2019-11-25T11:14:01","modified_gmt":"2019-11-25T14:14:01","slug":"equipes-da-prefeitura-entram-em-acao-para-recuperar-cidade-apos-estragos-das-chuvas-2","status":"publish","type":"post","link":"https:\/\/www.sudoestehoje.com.br\/novoportal\/2019\/11\/25\/equipes-da-prefeitura-entram-em-acao-para-recuperar-cidade-apos-estragos-das-chuvas-2\/","title":{"rendered":"EQUIPES DA PREFEITURA ENTRAM EM A\u00c7\u00c3O PARA RECUPERAR CIDADE AP\u00d3S ESTRAGOS DAS CHUVAS"},"content":{"rendered":"<p><a href=\"https:\/\/www.sudoestehoje.com.br\/novoportal\/wp-content\/uploads\/2019\/11\/ESTRAGOS-1-2.jpeg\"><img loading=\"lazy\" decoding=\"async\" class=\"aligncenter size-medium wp-image-83818\" src=\"https:\/\/www.sudoestehoje.com.br\/novoportal\/wp-content\/uploads\/2019\/11\/ESTRAGOS-1-2-500x375.jpeg\" alt=\"\" width=\"500\" height=\"375\" srcset=\"https:\/\/www.sudoestehoje.com.br\/novoportal\/wp-content\/uploads\/2019\/11\/ESTRAGOS-1-2-500x375.jpeg 500w, https:\/\/www.sudoestehoje.com.br\/novoportal\/wp-content\/uploads\/2019\/11\/ESTRAGOS-1-2-768x576.jpeg 768w, https:\/\/www.sudoestehoje.com.br\/novoportal\/wp-content\/uploads\/2019\/11\/ESTRAGOS-1-2-700x525.jpeg 700w, https:\/\/www.sudoestehoje.com.br\/novoportal\/wp-content\/uploads\/2019\/11\/ESTRAGOS-1-2.jpeg 1280w\" sizes=\"auto, (max-width: 500px) 100vw, 500px\" \/><\/a><\/p>\n<p>A chuva e os fortes ventos deste domingo, 24, deixaram danos por toda a cidade. Telhados foram danificados, muros e fachadas destru\u00eddos, al\u00e9m de muitas \u00e1rvores arrancadas e galhos que se espalharam pelas ruas da cidade.<\/p>\n<p>Ainda no domingo, as equipes das Secretarias de Infraestrutura, Transportes, Meio Ambiente e Comutran trabalharam desobstruindo as vias, fazendo a poda dos galhos que representavam risco e minimizando a sujeira que ficou ap\u00f3s terem cessado as chuvas.<\/p>\n<p>A Secretaria de Desenvolvimento Social tamb\u00e9m atua para acolher desalojados e dar suporte \u00e0queles que tiveram suas casas com estruturas danificadas.<\/p>\n<p>A Prefeitura ainda n\u00e3o tem n\u00fameros oficiais, mas j\u00e1 est\u00e1 levantando os dados e estruturando planos estrat\u00e9gicos para redu\u00e7\u00e3o de danos.<\/p>\n","protected":false},"excerpt":{"rendered":"<p>A chuva e os fortes ventos deste domingo, 24, deixaram danos por toda a cidade. Telhados foram danificados, muros e fachadas destru\u00eddos, al\u00e9m de muitas \u00e1rvores arrancadas e galhos que se espalharam pelas ruas da cidade. Ainda no domingo, as equipes das Secretarias de Infraestrutura, Transportes, Meio Ambiente e Comutran trabalharam desobstruindo as vias, fazendo [&hellip;]<\/p>\n","protected":false},"author":2,"featured_media":83818,"comment_status":"open","ping_status":"open","sticky":false,"template":"","format":"standard","meta":{"footnotes":"","_links_to":"","_links_to_target":""},"categories":[1],"tags":[],"class_list":["post-83817","post","type-post","status-publish","format-standard","has-post-thumbnail","hentry","category-geral"],"views":714,"_links":{"self":[{"href":"https:\/\/www.sudoestehoje.com.br\/novoportal\/wp-json\/wp\/v2\/posts\/83817","targetHints":{"allow":["GET"]}}],"collection":[{"href":"https:\/\/www.sudoestehoje.com.br\/novoportal\/wp-json\/wp\/v2\/posts"}],"about":[{"href":"https:\/\/www.sudoestehoje.com.br\/novoportal\/wp-json\/wp\/v2\/types\/post"}],"author":[{"embeddable":true,"href":"https:\/\/www.sudoestehoje.com.br\/novoportal\/wp-json\/wp\/v2\/users\/2"}],"replies":[{"embeddable":true,"href":"https:\/\/www.sudoestehoje.com.br\/novoportal\/wp-json\/wp\/v2\/comments?post=83817"}],"version-history":[{"count":2,"href":"https:\/\/www.sudoestehoje.com.br\/novoportal\/wp-json\/wp\/v2\/posts\/83817\/revisions"}],"predecessor-version":[{"id":83820,"href":"https:\/\/www.sudoestehoje.com.br\/novoportal\/wp-json\/wp\/v2\/posts\/83817\/revisions\/83820"}],"wp:featuredmedia":[{"embeddable":true,"href":"https:\/\/www.sudoestehoje.com.br\/novoportal\/wp-json\/wp\/v2\/media\/83818"}],"wp:attachment":[{"href":"https:\/\/www.sudoestehoje.com.br\/novoportal\/wp-json\/wp\/v2\/media?parent=83817"}],"wp:term":[{"taxonomy":"category","embeddable":true,"href":"https:\/\/www.sudoestehoje.com.br\/novoportal\/wp-json\/wp\/v2\/categories?post=83817"},{"taxonomy":"post_tag","embeddable":true,"href":"https:\/\/www.sudoestehoje.com.br\/novoportal\/wp-json\/wp\/v2\/tags?post=83817"}],"curies":[{"name":"wp","href":"https:\/\/api.w.org\/{rel}","templated":true}]}}