
{"id":83656,"date":"2019-11-18T21:44:25","date_gmt":"2019-11-19T00:44:25","guid":{"rendered":"https:\/\/www.sudoestehoje.com.br\/novoportal\/?p=83656"},"modified":"2019-11-18T21:44:25","modified_gmt":"2019-11-19T00:44:25","slug":"sob-pressao-toffoli-recua-em-ter-acesso-exclusivo-a-dados-sigilosos-do-antigo-coaf","status":"publish","type":"post","link":"https:\/\/www.sudoestehoje.com.br\/novoportal\/2019\/11\/18\/sob-pressao-toffoli-recua-em-ter-acesso-exclusivo-a-dados-sigilosos-do-antigo-coaf\/","title":{"rendered":"SOB PRESS\u00c3O, TOFFOLI RECUA EM TER ACESSO EXCLUSIVO A DADOS SIGILOSOS DO ANTIGO COAF"},"content":{"rendered":"<p><a href=\"https:\/\/www.sudoestehoje.com.br\/novoportal\/wp-content\/uploads\/2019\/11\/ARAS-E-TOFFOLI.jpg\"><img loading=\"lazy\" decoding=\"async\" class=\"aligncenter size-medium wp-image-83659\" src=\"https:\/\/www.sudoestehoje.com.br\/novoportal\/wp-content\/uploads\/2019\/11\/ARAS-E-TOFFOLI-500x300.jpg\" alt=\"\" width=\"500\" height=\"300\" srcset=\"https:\/\/www.sudoestehoje.com.br\/novoportal\/wp-content\/uploads\/2019\/11\/ARAS-E-TOFFOLI-500x300.jpg 500w, https:\/\/www.sudoestehoje.com.br\/novoportal\/wp-content\/uploads\/2019\/11\/ARAS-E-TOFFOLI-768x461.jpg 768w, https:\/\/www.sudoestehoje.com.br\/novoportal\/wp-content\/uploads\/2019\/11\/ARAS-E-TOFFOLI-700x420.jpg 700w, https:\/\/www.sudoestehoje.com.br\/novoportal\/wp-content\/uploads\/2019\/11\/ARAS-E-TOFFOLI.jpg 1086w\" sizes=\"auto, (max-width: 500px) 100vw, 500px\" \/><\/a><\/p>\n<p>O presidente do Supremo Tribunal Federal (STF), Dias\u00a0<strong>Toffoli,<\/strong> decidiu nesta segunda-feira (18), revogar a decis\u00e3o dele mesmo que pedia \u00e0 Unidade de Intelig\u00eancia Financeira (UIF), o antigo <strong>Coaf,<\/strong> a apresenta\u00e7\u00e3o dos relat\u00f3rios de intelig\u00eancia financeira dos \u00faltimos tr\u00eas anos referentes a 600 mil pessoas f\u00edsicas e jur\u00ed<\/p>\n<p>Toffoli j\u00e1 tinha recebido da UIF uma senha para acessar esses relat\u00f3rios. Na nova decis\u00e3o, ele reitera que n\u00e3o fez o cadastro no sistema \u2013 e, portanto, n\u00e3o acessou os dados sigilosos. &#8220;Ressalto que esta Corte n\u00e3o realizou o cadastro necess\u00e1rio e jamais acessou os relat\u00f3rios de intelig\u00eancia&#8221;, escreveu.<\/p>\n<p>O ministro tamb\u00e9m afirma que as informa\u00e7\u00f5es prestadas pela UIF foram satisfat\u00f3rias. <strong><em>&#8220;Diante das informa\u00e7\u00f5es satisfatoriamente prestadas pela UIF, em atendimento ao pedido dessa Corte, em 15\/11\/19, torno sem efeito a decis\u00e3o na parte em que foram solicitadas, em 25\/10\/19 c\u00f3pia dos Relat\u00f3rios de Intelig\u00eancia Financeira (RIFs), expedidos nos \u00faltimos 3 (tr\u00eas) anos<\/em><\/strong>&#8220;, afirmou, na decis\u00e3o.<\/p>\n<p>Toffoli havia pedido as informa\u00e7\u00f5es em 25 de outubro, para auxiliar no julgamento marcado para a pr\u00f3xima quarta-feira, quando o plen\u00e1rio do STF decidir\u00e1 se a UIF pode compartilhar dados para \u00f3rg\u00e3os de investiga\u00e7\u00e3o, sem a necessidade de autoriza\u00e7\u00e3o pr\u00e9via de um juiz.<\/p>\n<p><strong>O pedido para revogar a decis\u00e3o de Toffoli foi feito pelo procurador-geral da Rep\u00fablica, Augusto Aras.<\/strong> O presidente do STF recuou depois de ter se reunido, na tarde desta segunda-feira, com Aras, o advogado-geral da Uni\u00e3o, Andr\u00e9 Mendon\u00e7a, e\u00a0o presidente do Banco Central, Roberto Campos Neto.<\/p>\n","protected":false},"excerpt":{"rendered":"<p>O presidente do Supremo Tribunal Federal (STF), Dias\u00a0Toffoli, decidiu nesta segunda-feira (18), revogar a decis\u00e3o dele mesmo que pedia \u00e0 Unidade de Intelig\u00eancia Financeira (UIF), o antigo Coaf, a apresenta\u00e7\u00e3o dos relat\u00f3rios de intelig\u00eancia financeira dos \u00faltimos tr\u00eas anos referentes a 600 mil pessoas f\u00edsicas e jur\u00ed Toffoli j\u00e1 tinha recebido da UIF uma senha [&hellip;]<\/p>\n","protected":false},"author":2,"featured_media":83659,"comment_status":"open","ping_status":"open","sticky":false,"template":"","format":"standard","meta":{"footnotes":"","_links_to":"","_links_to_target":""},"categories":[1],"tags":[],"class_list":["post-83656","post","type-post","status-publish","format-standard","has-post-thumbnail","hentry","category-geral"],"views":684,"_links":{"self":[{"href":"https:\/\/www.sudoestehoje.com.br\/novoportal\/wp-json\/wp\/v2\/posts\/83656","targetHints":{"allow":["GET"]}}],"collection":[{"href":"https:\/\/www.sudoestehoje.com.br\/novoportal\/wp-json\/wp\/v2\/posts"}],"about":[{"href":"https:\/\/www.sudoestehoje.com.br\/novoportal\/wp-json\/wp\/v2\/types\/post"}],"author":[{"embeddable":true,"href":"https:\/\/www.sudoestehoje.com.br\/novoportal\/wp-json\/wp\/v2\/users\/2"}],"replies":[{"embeddable":true,"href":"https:\/\/www.sudoestehoje.com.br\/novoportal\/wp-json\/wp\/v2\/comments?post=83656"}],"version-history":[{"count":3,"href":"https:\/\/www.sudoestehoje.com.br\/novoportal\/wp-json\/wp\/v2\/posts\/83656\/revisions"}],"predecessor-version":[{"id":83660,"href":"https:\/\/www.sudoestehoje.com.br\/novoportal\/wp-json\/wp\/v2\/posts\/83656\/revisions\/83660"}],"wp:featuredmedia":[{"embeddable":true,"href":"https:\/\/www.sudoestehoje.com.br\/novoportal\/wp-json\/wp\/v2\/media\/83659"}],"wp:attachment":[{"href":"https:\/\/www.sudoestehoje.com.br\/novoportal\/wp-json\/wp\/v2\/media?parent=83656"}],"wp:term":[{"taxonomy":"category","embeddable":true,"href":"https:\/\/www.sudoestehoje.com.br\/novoportal\/wp-json\/wp\/v2\/categories?post=83656"},{"taxonomy":"post_tag","embeddable":true,"href":"https:\/\/www.sudoestehoje.com.br\/novoportal\/wp-json\/wp\/v2\/tags?post=83656"}],"curies":[{"name":"wp","href":"https:\/\/api.w.org\/{rel}","templated":true}]}}