
{"id":83630,"date":"2019-11-17T22:40:41","date_gmt":"2019-11-18T01:40:41","guid":{"rendered":"https:\/\/www.sudoestehoje.com.br\/novoportal\/?p=83630"},"modified":"2019-11-17T22:40:41","modified_gmt":"2019-11-18T01:40:41","slug":"corpos-do-acidente-de-marau-sao-liberados-pelo-iml-e-seguem-para-sao-paulo","status":"publish","type":"post","link":"https:\/\/www.sudoestehoje.com.br\/novoportal\/2019\/11\/17\/corpos-do-acidente-de-marau-sao-liberados-pelo-iml-e-seguem-para-sao-paulo\/","title":{"rendered":"CORPOS DO ACIDENTE DE MARA\u00da S\u00c3O LIBERADOS PELO IML E SEGUEM PARA S\u00c3O PAULO"},"content":{"rendered":"<p><a href=\"https:\/\/www.sudoestehoje.com.br\/novoportal\/wp-content\/uploads\/2019\/11\/MORTOS-MARAU.jpg\"><img loading=\"lazy\" decoding=\"async\" class=\"aligncenter size-medium wp-image-83631\" src=\"https:\/\/www.sudoestehoje.com.br\/novoportal\/wp-content\/uploads\/2019\/11\/MORTOS-MARAU-500x273.jpg\" alt=\"\" width=\"500\" height=\"273\" srcset=\"https:\/\/www.sudoestehoje.com.br\/novoportal\/wp-content\/uploads\/2019\/11\/MORTOS-MARAU-500x273.jpg 500w, https:\/\/www.sudoestehoje.com.br\/novoportal\/wp-content\/uploads\/2019\/11\/MORTOS-MARAU-768x419.jpg 768w, https:\/\/www.sudoestehoje.com.br\/novoportal\/wp-content\/uploads\/2019\/11\/MORTOS-MARAU-700x382.jpg 700w, https:\/\/www.sudoestehoje.com.br\/novoportal\/wp-content\/uploads\/2019\/11\/MORTOS-MARAU.jpg 999w\" sizes=\"auto, (max-width: 500px) 100vw, 500px\" \/><\/a><\/p>\n<p>O corpo da jornalista e rela\u00e7\u00f5es p\u00fablicas\u00a0Marcela Brand\u00e3o Elias, 37 anos, que ficou carbonizado ap\u00f3s o acidente a\u00e9reo que sofreu em Mara\u00fa, no sul da Bahia, foi finalmente identificado neste domingo (17). Primeira v\u00edtima fatal da queda do bimotor Cessna 550,\u00a0sua identifica\u00e7\u00e3o s\u00f3 foi poss\u00edvel gra\u00e7as a exames de arcada dent\u00e1ria.<\/p>\n<p>A irm\u00e3 dela,\u00a0Maysa Mussi, foi a segunda v\u00edtima e morreu neste s\u00e1bado (16). O ex-piloto de Stock Car Christiano Chiaradia Alcoba Rocha, o Tuka Rocha, 36 anos,\u00a0tamb\u00e9m teve a morte confirmada no domingo (17<a href=\"https:\/\/www.correio24horas.com.br\/noticia\/nid\/morre-tuka-rocha-ex-piloto-de-stock-car-vitima-de-acidente-aereo-de-marau\/\" target=\"_blank\" rel=\"noopener noreferrer\">)<\/a> ap\u00f3s ter 80% do corpo queimado.\u00a0Os dois \u00faltimos estavam internados no Hospital Geral do estado (HGE).<\/p>\n<p>Os corpos dos tr\u00eas j\u00e1 foram liberados pelo Instituto M\u00e9dico Legal Nina Rodrigues (IMLNR), que aguarda apenas os familiares resolverem os tr\u00e2mites para o traslado at\u00e9 S\u00e3o Paulo.<\/p>\n<p><span style=\"color: #0000ff;\"><strong><a style=\"color: #0000ff;\" href=\"https:\/\/www.correio24horas.com.br\/noticia\/nid\/corpos-do-acidente-de-marau-sao-liberados-pelo-iml-e-seguem-para-sp\/?fbclid=IwAR3IPCYQhFwvzs9n8ecv5QIZaOHlT8iHHkEgfZSFlrcRNscEBVMdm6bNcdA\">VEJA MAT\u00c9RIA COMPLETA NO CORREIO<\/a><\/strong><\/span><\/p>\n","protected":false},"excerpt":{"rendered":"<p>O corpo da jornalista e rela\u00e7\u00f5es p\u00fablicas\u00a0Marcela Brand\u00e3o Elias, 37 anos, que ficou carbonizado ap\u00f3s o acidente a\u00e9reo que sofreu em Mara\u00fa, no sul da Bahia, foi finalmente identificado neste domingo (17). Primeira v\u00edtima fatal da queda do bimotor Cessna 550,\u00a0sua identifica\u00e7\u00e3o s\u00f3 foi poss\u00edvel gra\u00e7as a exames de arcada dent\u00e1ria. A irm\u00e3 dela,\u00a0Maysa Mussi, [&hellip;]<\/p>\n","protected":false},"author":2,"featured_media":83631,"comment_status":"open","ping_status":"open","sticky":false,"template":"","format":"standard","meta":{"footnotes":"","_links_to":"","_links_to_target":""},"categories":[1],"tags":[],"class_list":["post-83630","post","type-post","status-publish","format-standard","has-post-thumbnail","hentry","category-geral"],"views":1035,"_links":{"self":[{"href":"https:\/\/www.sudoestehoje.com.br\/novoportal\/wp-json\/wp\/v2\/posts\/83630","targetHints":{"allow":["GET"]}}],"collection":[{"href":"https:\/\/www.sudoestehoje.com.br\/novoportal\/wp-json\/wp\/v2\/posts"}],"about":[{"href":"https:\/\/www.sudoestehoje.com.br\/novoportal\/wp-json\/wp\/v2\/types\/post"}],"author":[{"embeddable":true,"href":"https:\/\/www.sudoestehoje.com.br\/novoportal\/wp-json\/wp\/v2\/users\/2"}],"replies":[{"embeddable":true,"href":"https:\/\/www.sudoestehoje.com.br\/novoportal\/wp-json\/wp\/v2\/comments?post=83630"}],"version-history":[{"count":1,"href":"https:\/\/www.sudoestehoje.com.br\/novoportal\/wp-json\/wp\/v2\/posts\/83630\/revisions"}],"predecessor-version":[{"id":83632,"href":"https:\/\/www.sudoestehoje.com.br\/novoportal\/wp-json\/wp\/v2\/posts\/83630\/revisions\/83632"}],"wp:featuredmedia":[{"embeddable":true,"href":"https:\/\/www.sudoestehoje.com.br\/novoportal\/wp-json\/wp\/v2\/media\/83631"}],"wp:attachment":[{"href":"https:\/\/www.sudoestehoje.com.br\/novoportal\/wp-json\/wp\/v2\/media?parent=83630"}],"wp:term":[{"taxonomy":"category","embeddable":true,"href":"https:\/\/www.sudoestehoje.com.br\/novoportal\/wp-json\/wp\/v2\/categories?post=83630"},{"taxonomy":"post_tag","embeddable":true,"href":"https:\/\/www.sudoestehoje.com.br\/novoportal\/wp-json\/wp\/v2\/tags?post=83630"}],"curies":[{"name":"wp","href":"https:\/\/api.w.org\/{rel}","templated":true}]}}