
{"id":83599,"date":"2019-11-15T12:23:30","date_gmt":"2019-11-15T15:23:30","guid":{"rendered":"https:\/\/www.sudoestehoje.com.br\/novoportal\/?p=83599"},"modified":"2019-11-15T12:30:52","modified_gmt":"2019-11-15T15:30:52","slug":"vereador-nailton-sofre-grave-acidente-de-automovel-a-caminho-de-porto-seguro","status":"publish","type":"post","link":"https:\/\/www.sudoestehoje.com.br\/novoportal\/2019\/11\/15\/vereador-nailton-sofre-grave-acidente-de-automovel-a-caminho-de-porto-seguro\/","title":{"rendered":"VEREADOR NAILTON SOFRE GRAVE ACIDENTE DE AUTOM\u00d3VEL A CAMINHO DE PORTO SEGURO"},"content":{"rendered":"<p><a href=\"https:\/\/www.sudoestehoje.com.br\/novoportal\/wp-content\/uploads\/2019\/11\/carro-Nailton.jpg\"><img loading=\"lazy\" decoding=\"async\" class=\"aligncenter size-medium wp-image-83600\" src=\"https:\/\/www.sudoestehoje.com.br\/novoportal\/wp-content\/uploads\/2019\/11\/carro-Nailton-500x401.jpg\" alt=\"\" width=\"500\" height=\"401\" srcset=\"https:\/\/www.sudoestehoje.com.br\/novoportal\/wp-content\/uploads\/2019\/11\/carro-Nailton-500x401.jpg 500w, https:\/\/www.sudoestehoje.com.br\/novoportal\/wp-content\/uploads\/2019\/11\/carro-Nailton-768x617.jpg 768w, https:\/\/www.sudoestehoje.com.br\/novoportal\/wp-content\/uploads\/2019\/11\/carro-Nailton-700x562.jpg 700w, https:\/\/www.sudoestehoje.com.br\/novoportal\/wp-content\/uploads\/2019\/11\/carro-Nailton.jpg 938w\" sizes=\"auto, (max-width: 500px) 100vw, 500px\" \/><\/a><\/p>\n<p>Por volta do meio-dia desta quinta-feira (14), o vereador de Itapetinga, Nailton Negreiro (PRB), sofreu um grave acidente de autom\u00f3vel, quando se dirigia com sua fam\u00edlia para a cidade de Porto Seguro, no Extremo Sul da Bahia, acompanhando uma excurs\u00e3o.<\/p>\n<p>Apesar do ve\u00edculo ter ficado totalmente destru\u00eddo, ap\u00f3s inc\u00eandio,<strong> o vereador e demais ocupantes nada sofreram e passam bem.<\/strong><\/p>\n<p><a href=\"https:\/\/www.sudoestehoje.com.br\/novoportal\/wp-content\/uploads\/2019\/11\/nailton-zenaide.jpg\"><img loading=\"lazy\" decoding=\"async\" class=\"aligncenter size-medium wp-image-83601\" src=\"https:\/\/www.sudoestehoje.com.br\/novoportal\/wp-content\/uploads\/2019\/11\/nailton-zenaide-500x310.jpg\" alt=\"\" width=\"500\" height=\"310\" srcset=\"https:\/\/www.sudoestehoje.com.br\/novoportal\/wp-content\/uploads\/2019\/11\/nailton-zenaide-500x310.jpg 500w, https:\/\/www.sudoestehoje.com.br\/novoportal\/wp-content\/uploads\/2019\/11\/nailton-zenaide-700x435.jpg 700w, https:\/\/www.sudoestehoje.com.br\/novoportal\/wp-content\/uploads\/2019\/11\/nailton-zenaide.jpg 720w\" sizes=\"auto, (max-width: 500px) 100vw, 500px\" \/><\/a><\/p>\n<p>O vereador e seus familiares continuam em Porto Seguro, participando do evento para o qual se dirigiam, apesar do acidente.\u00a0De acordo com informa\u00e7\u00f5es de amigos do vereador, ele e seus familiares escaparam com vida por um <strong>&#8220;verdadeiro milagre&#8221;<\/strong>.<\/p>\n<p><strong><em>Por Davi Ferraz\u00a0<\/em><\/strong><\/p>\n","protected":false},"excerpt":{"rendered":"<p>Por volta do meio-dia desta quinta-feira (14), o vereador de Itapetinga, Nailton Negreiro (PRB), sofreu um grave acidente de autom\u00f3vel, quando se dirigia com sua fam\u00edlia para a cidade de Porto Seguro, no Extremo Sul da Bahia, acompanhando uma excurs\u00e3o. Apesar do ve\u00edculo ter ficado totalmente destru\u00eddo, ap\u00f3s inc\u00eandio, o vereador e demais ocupantes nada [&hellip;]<\/p>\n","protected":false},"author":2,"featured_media":83600,"comment_status":"open","ping_status":"open","sticky":false,"template":"","format":"standard","meta":{"footnotes":"","_links_to":"","_links_to_target":""},"categories":[1],"tags":[],"class_list":["post-83599","post","type-post","status-publish","format-standard","has-post-thumbnail","hentry","category-geral"],"views":1140,"_links":{"self":[{"href":"https:\/\/www.sudoestehoje.com.br\/novoportal\/wp-json\/wp\/v2\/posts\/83599","targetHints":{"allow":["GET"]}}],"collection":[{"href":"https:\/\/www.sudoestehoje.com.br\/novoportal\/wp-json\/wp\/v2\/posts"}],"about":[{"href":"https:\/\/www.sudoestehoje.com.br\/novoportal\/wp-json\/wp\/v2\/types\/post"}],"author":[{"embeddable":true,"href":"https:\/\/www.sudoestehoje.com.br\/novoportal\/wp-json\/wp\/v2\/users\/2"}],"replies":[{"embeddable":true,"href":"https:\/\/www.sudoestehoje.com.br\/novoportal\/wp-json\/wp\/v2\/comments?post=83599"}],"version-history":[{"count":3,"href":"https:\/\/www.sudoestehoje.com.br\/novoportal\/wp-json\/wp\/v2\/posts\/83599\/revisions"}],"predecessor-version":[{"id":83604,"href":"https:\/\/www.sudoestehoje.com.br\/novoportal\/wp-json\/wp\/v2\/posts\/83599\/revisions\/83604"}],"wp:featuredmedia":[{"embeddable":true,"href":"https:\/\/www.sudoestehoje.com.br\/novoportal\/wp-json\/wp\/v2\/media\/83600"}],"wp:attachment":[{"href":"https:\/\/www.sudoestehoje.com.br\/novoportal\/wp-json\/wp\/v2\/media?parent=83599"}],"wp:term":[{"taxonomy":"category","embeddable":true,"href":"https:\/\/www.sudoestehoje.com.br\/novoportal\/wp-json\/wp\/v2\/categories?post=83599"},{"taxonomy":"post_tag","embeddable":true,"href":"https:\/\/www.sudoestehoje.com.br\/novoportal\/wp-json\/wp\/v2\/tags?post=83599"}],"curies":[{"name":"wp","href":"https:\/\/api.w.org\/{rel}","templated":true}]}}