
{"id":83577,"date":"2019-11-13T20:29:37","date_gmt":"2019-11-13T23:29:37","guid":{"rendered":"https:\/\/www.sudoestehoje.com.br\/novoportal\/?p=83577"},"modified":"2019-11-13T20:29:37","modified_gmt":"2019-11-13T23:29:37","slug":"loteamento-morada-do-parque-prorroga-promocao-de-lancamento","status":"publish","type":"post","link":"https:\/\/www.sudoestehoje.com.br\/novoportal\/2019\/11\/13\/loteamento-morada-do-parque-prorroga-promocao-de-lancamento\/","title":{"rendered":"LOTEAMENTO MORADA DO PARQUE PRORROGA PROMO\u00c7\u00c3O DE LAN\u00c7AMENTO"},"content":{"rendered":"<p>https:\/\/www.facebook.com\/davi.ferraz.9\/videos\/2615659755192076\/<\/p>\n","protected":false},"excerpt":{"rendered":"<p>https:\/\/www.facebook.com\/davi.ferraz.9\/videos\/2615659755192076\/<\/p>\n","protected":false},"author":2,"featured_media":0,"comment_status":"open","ping_status":"open","sticky":false,"template":"","format":"standard","meta":{"footnotes":"","_links_to":"","_links_to_target":""},"categories":[1],"tags":[],"class_list":["post-83577","post","type-post","status-publish","format-standard","hentry","category-geral"],"views":791,"_links":{"self":[{"href":"https:\/\/www.sudoestehoje.com.br\/novoportal\/wp-json\/wp\/v2\/posts\/83577","targetHints":{"allow":["GET"]}}],"collection":[{"href":"https:\/\/www.sudoestehoje.com.br\/novoportal\/wp-json\/wp\/v2\/posts"}],"about":[{"href":"https:\/\/www.sudoestehoje.com.br\/novoportal\/wp-json\/wp\/v2\/types\/post"}],"author":[{"embeddable":true,"href":"https:\/\/www.sudoestehoje.com.br\/novoportal\/wp-json\/wp\/v2\/users\/2"}],"replies":[{"embeddable":true,"href":"https:\/\/www.sudoestehoje.com.br\/novoportal\/wp-json\/wp\/v2\/comments?post=83577"}],"version-history":[{"count":1,"href":"https:\/\/www.sudoestehoje.com.br\/novoportal\/wp-json\/wp\/v2\/posts\/83577\/revisions"}],"predecessor-version":[{"id":83578,"href":"https:\/\/www.sudoestehoje.com.br\/novoportal\/wp-json\/wp\/v2\/posts\/83577\/revisions\/83578"}],"wp:attachment":[{"href":"https:\/\/www.sudoestehoje.com.br\/novoportal\/wp-json\/wp\/v2\/media?parent=83577"}],"wp:term":[{"taxonomy":"category","embeddable":true,"href":"https:\/\/www.sudoestehoje.com.br\/novoportal\/wp-json\/wp\/v2\/categories?post=83577"},{"taxonomy":"post_tag","embeddable":true,"href":"https:\/\/www.sudoestehoje.com.br\/novoportal\/wp-json\/wp\/v2\/tags?post=83577"}],"curies":[{"name":"wp","href":"https:\/\/api.w.org\/{rel}","templated":true}]}}