
{"id":83559,"date":"2019-11-13T10:52:28","date_gmt":"2019-11-13T13:52:28","guid":{"rendered":"https:\/\/www.sudoestehoje.com.br\/novoportal\/?p=83559"},"modified":"2019-11-13T10:52:28","modified_gmt":"2019-11-13T13:52:28","slug":"itapetinga-vice-renan-pereira-se-fortalece-e-segue-para-reeleicao-ao-lado-de-rodrigo","status":"publish","type":"post","link":"https:\/\/www.sudoestehoje.com.br\/novoportal\/2019\/11\/13\/itapetinga-vice-renan-pereira-se-fortalece-e-segue-para-reeleicao-ao-lado-de-rodrigo\/","title":{"rendered":"ITAPETINGA: VICE RENAN PEREIRA SE FORTALECE E SEGUE PARA REELEI\u00c7\u00c3O AO LADO DE RODRIGO"},"content":{"rendered":"<p><a href=\"https:\/\/www.sudoestehoje.com.br\/novoportal\/wp-content\/uploads\/2019\/11\/rodrigo-hagge-1.jpg\"><img loading=\"lazy\" decoding=\"async\" class=\"aligncenter size-medium wp-image-83561\" src=\"https:\/\/www.sudoestehoje.com.br\/novoportal\/wp-content\/uploads\/2019\/11\/rodrigo-hagge-1-500x277.jpg\" alt=\"\" width=\"500\" height=\"277\" \/><\/a><\/p>\n<p>No final deste terceiro ano de mandato do prefeito Rodrigo Hagge (MDB), um dos nomes mais fortes do grupo de situa\u00e7\u00e3o em Itapetinga \u00e9, sem d\u00favida, o do vice-prefeito Renan Pereira (DEM).<\/p>\n<p>Com estilo pr\u00f3prio, Renan Pereira tem se revelado extremamente habilidoso no trato com a coisa p\u00fablica, auxiliando o prefeito Rodrigo em quest\u00f5es de alto interesse administra\u00e7\u00e3o municipal.<\/p>\n<p>Mesmo sem cargo na administra\u00e7\u00e3o, o vice Renan Pereira tem atuado no acompanhamento de obras p\u00fablicas importantes, a pedido de Rodrigo, a exemplo da super escola que est\u00e1 sendo erguida na Avenida Catol\u00e9, pr\u00f3ximo o Vila \u00c9rika e os residenciais 12 de Dezembro e Jos\u00e9 Ivo.<\/p>\n<p><em>&#8220;Com esse verdadeiro trator ao lado do nosso prefeito Rodrigo, as obras em Itapetinga v\u00e3o voar, pois os dois s\u00e3o trabalhadores e t\u00eam muita determina\u00e7\u00e3o e respeito com o dinheiro p\u00fablico&#8221;<\/em>, ressaltou um morador do Vila \u00c9rika.<\/p>\n<p>Com essa for\u00e7a e determina\u00e7\u00e3o, Renan \u00e9 nome mais do que certo para repetir a dobradinha com Rodrigo Hagge, nas elei\u00e7\u00f5es de 2020.<\/p>\n<p><strong><em>Por Davi Ferraz<\/em><\/strong><\/p>\n","protected":false},"excerpt":{"rendered":"<p>No final deste terceiro ano de mandato do prefeito Rodrigo Hagge (MDB), um dos nomes mais fortes do grupo de situa\u00e7\u00e3o em Itapetinga \u00e9, sem d\u00favida, o do vice-prefeito Renan Pereira (DEM). Com estilo pr\u00f3prio, Renan Pereira tem se revelado extremamente habilidoso no trato com a coisa p\u00fablica, auxiliando o prefeito Rodrigo em quest\u00f5es de [&hellip;]<\/p>\n","protected":false},"author":2,"featured_media":83561,"comment_status":"open","ping_status":"open","sticky":false,"template":"","format":"standard","meta":{"footnotes":"","_links_to":"","_links_to_target":""},"categories":[1],"tags":[],"class_list":["post-83559","post","type-post","status-publish","format-standard","has-post-thumbnail","hentry","category-geral"],"views":965,"_links":{"self":[{"href":"https:\/\/www.sudoestehoje.com.br\/novoportal\/wp-json\/wp\/v2\/posts\/83559","targetHints":{"allow":["GET"]}}],"collection":[{"href":"https:\/\/www.sudoestehoje.com.br\/novoportal\/wp-json\/wp\/v2\/posts"}],"about":[{"href":"https:\/\/www.sudoestehoje.com.br\/novoportal\/wp-json\/wp\/v2\/types\/post"}],"author":[{"embeddable":true,"href":"https:\/\/www.sudoestehoje.com.br\/novoportal\/wp-json\/wp\/v2\/users\/2"}],"replies":[{"embeddable":true,"href":"https:\/\/www.sudoestehoje.com.br\/novoportal\/wp-json\/wp\/v2\/comments?post=83559"}],"version-history":[{"count":3,"href":"https:\/\/www.sudoestehoje.com.br\/novoportal\/wp-json\/wp\/v2\/posts\/83559\/revisions"}],"predecessor-version":[{"id":83563,"href":"https:\/\/www.sudoestehoje.com.br\/novoportal\/wp-json\/wp\/v2\/posts\/83559\/revisions\/83563"}],"wp:featuredmedia":[{"embeddable":true,"href":"https:\/\/www.sudoestehoje.com.br\/novoportal\/wp-json\/wp\/v2\/media\/83561"}],"wp:attachment":[{"href":"https:\/\/www.sudoestehoje.com.br\/novoportal\/wp-json\/wp\/v2\/media?parent=83559"}],"wp:term":[{"taxonomy":"category","embeddable":true,"href":"https:\/\/www.sudoestehoje.com.br\/novoportal\/wp-json\/wp\/v2\/categories?post=83559"},{"taxonomy":"post_tag","embeddable":true,"href":"https:\/\/www.sudoestehoje.com.br\/novoportal\/wp-json\/wp\/v2\/tags?post=83559"}],"curies":[{"name":"wp","href":"https:\/\/api.w.org\/{rel}","templated":true}]}}