
{"id":83555,"date":"2019-11-12T22:36:11","date_gmt":"2019-11-13T01:36:11","guid":{"rendered":"https:\/\/www.sudoestehoje.com.br\/novoportal\/?p=83555"},"modified":"2019-11-12T22:36:11","modified_gmt":"2019-11-13T01:36:11","slug":"governo-assina-medida-provisoria-que-permite-abertura-dos-bancos-aos-sabados","status":"publish","type":"post","link":"https:\/\/www.sudoestehoje.com.br\/novoportal\/2019\/11\/12\/governo-assina-medida-provisoria-que-permite-abertura-dos-bancos-aos-sabados\/","title":{"rendered":"GOVERNO ASSINA MEDIDA PROVIS\u00d3RIA QUE PERMITE ABERTURA DOS BANCOS AOS S\u00c1BADOS"},"content":{"rendered":"<p><a href=\"https:\/\/www.sudoestehoje.com.br\/novoportal\/wp-content\/uploads\/2019\/11\/BANCOS-S\u00c1BADO.jpg\"><img loading=\"lazy\" decoding=\"async\" class=\"aligncenter size-medium wp-image-83557\" src=\"https:\/\/www.sudoestehoje.com.br\/novoportal\/wp-content\/uploads\/2019\/11\/BANCOS-S\u00c1BADO-500x265.jpg\" alt=\"\" width=\"500\" height=\"265\" srcset=\"https:\/\/www.sudoestehoje.com.br\/novoportal\/wp-content\/uploads\/2019\/11\/BANCOS-S\u00c1BADO-500x265.jpg 500w, https:\/\/www.sudoestehoje.com.br\/novoportal\/wp-content\/uploads\/2019\/11\/BANCOS-S\u00c1BADO-768x407.jpg 768w, https:\/\/www.sudoestehoje.com.br\/novoportal\/wp-content\/uploads\/2019\/11\/BANCOS-S\u00c1BADO-700x371.jpg 700w, https:\/\/www.sudoestehoje.com.br\/novoportal\/wp-content\/uploads\/2019\/11\/BANCOS-S\u00c1BADO.jpg 850w\" sizes=\"auto, (max-width: 500px) 100vw, 500px\" \/><\/a><\/p>\n<p>O presidente Jair Bolsonaro assinou uma Medida Provis\u00f3ria que permite que as ag\u00eancias banc\u00e1rias abrir aos s\u00e1bado. A assinatura do texto foi na segunda-feira (11) e interfere tamb\u00e9m no aumento da carga hor\u00e1ria dos trabalhadores da categoria.<\/p>\n<p>A mudan\u00e7a permite apenas que os caixas de baixo tenham o direito \u00e0s seis horas de trabalho di\u00e1rias comum a todos os trabalhadores, os outros cargos ter\u00e3o jornada aumentada para oito horas por dia.<\/p>\n<p>Apesar das mudan\u00e7as,\u00a0o texto mant\u00e9m o direito a 15 minutos de intervalo. A dura\u00e7\u00e3o do trabalho tamb\u00e9m deve ser preservada entre 7h e 22 horas.<\/p>\n<p>Novas regras ainda precisam passar pela aprova\u00e7\u00e3o da C\u00e2mara e do Senado.<\/p>\n","protected":false},"excerpt":{"rendered":"<p>O presidente Jair Bolsonaro assinou uma Medida Provis\u00f3ria que permite que as ag\u00eancias banc\u00e1rias abrir aos s\u00e1bado. A assinatura do texto foi na segunda-feira (11) e interfere tamb\u00e9m no aumento da carga hor\u00e1ria dos trabalhadores da categoria. A mudan\u00e7a permite apenas que os caixas de baixo tenham o direito \u00e0s seis horas de trabalho di\u00e1rias [&hellip;]<\/p>\n","protected":false},"author":2,"featured_media":83557,"comment_status":"open","ping_status":"open","sticky":false,"template":"","format":"standard","meta":{"footnotes":"","_links_to":"","_links_to_target":""},"categories":[1],"tags":[],"class_list":["post-83555","post","type-post","status-publish","format-standard","has-post-thumbnail","hentry","category-geral"],"views":788,"_links":{"self":[{"href":"https:\/\/www.sudoestehoje.com.br\/novoportal\/wp-json\/wp\/v2\/posts\/83555","targetHints":{"allow":["GET"]}}],"collection":[{"href":"https:\/\/www.sudoestehoje.com.br\/novoportal\/wp-json\/wp\/v2\/posts"}],"about":[{"href":"https:\/\/www.sudoestehoje.com.br\/novoportal\/wp-json\/wp\/v2\/types\/post"}],"author":[{"embeddable":true,"href":"https:\/\/www.sudoestehoje.com.br\/novoportal\/wp-json\/wp\/v2\/users\/2"}],"replies":[{"embeddable":true,"href":"https:\/\/www.sudoestehoje.com.br\/novoportal\/wp-json\/wp\/v2\/comments?post=83555"}],"version-history":[{"count":2,"href":"https:\/\/www.sudoestehoje.com.br\/novoportal\/wp-json\/wp\/v2\/posts\/83555\/revisions"}],"predecessor-version":[{"id":83558,"href":"https:\/\/www.sudoestehoje.com.br\/novoportal\/wp-json\/wp\/v2\/posts\/83555\/revisions\/83558"}],"wp:featuredmedia":[{"embeddable":true,"href":"https:\/\/www.sudoestehoje.com.br\/novoportal\/wp-json\/wp\/v2\/media\/83557"}],"wp:attachment":[{"href":"https:\/\/www.sudoestehoje.com.br\/novoportal\/wp-json\/wp\/v2\/media?parent=83555"}],"wp:term":[{"taxonomy":"category","embeddable":true,"href":"https:\/\/www.sudoestehoje.com.br\/novoportal\/wp-json\/wp\/v2\/categories?post=83555"},{"taxonomy":"post_tag","embeddable":true,"href":"https:\/\/www.sudoestehoje.com.br\/novoportal\/wp-json\/wp\/v2\/tags?post=83555"}],"curies":[{"name":"wp","href":"https:\/\/api.w.org\/{rel}","templated":true}]}}