
{"id":83512,"date":"2019-11-10T11:59:02","date_gmt":"2019-11-10T14:59:02","guid":{"rendered":"https:\/\/www.sudoestehoje.com.br\/novoportal\/?p=83512"},"modified":"2019-11-10T12:04:36","modified_gmt":"2019-11-10T15:04:36","slug":"periodo-longo-de-estiagem-preocupa-produtores-rurais-de-itapetinga-e-regiao","status":"publish","type":"post","link":"https:\/\/www.sudoestehoje.com.br\/novoportal\/2019\/11\/10\/periodo-longo-de-estiagem-preocupa-produtores-rurais-de-itapetinga-e-regiao\/","title":{"rendered":"PER\u00cdODO LONGO DE ESTIAGEM PREOCUPA PRODUTORES RURAIS DE ITAPETINGA E REGI\u00c3O"},"content":{"rendered":"<p><a href=\"https:\/\/www.sudoestehoje.com.br\/novoportal\/wp-content\/uploads\/2019\/11\/seca-1.jpg\"><img loading=\"lazy\" decoding=\"async\" class=\"aligncenter wp-image-83517\" src=\"https:\/\/www.sudoestehoje.com.br\/novoportal\/wp-content\/uploads\/2019\/11\/seca-1.jpg\" alt=\"\" width=\"501\" height=\"341\" \/><\/a><\/p>\n<p>O longo per\u00edodo de estiagem j\u00e1 come\u00e7a a preocupar os produtores rurais de Itapetinga e todo o M\u00e9dio Sudoeste da Bahia, j\u00e1 que a previs\u00e3o indica pouca chuva nos pr\u00f3ximos dias, com alguma \u00eanfase na semana que vem.<\/p>\n<p>As pastagens da regi\u00e3o est\u00e3o secando rapidamente e se as <em>&#8216;chuvas das \u00e1guas<\/em>&#8216; n\u00e3o chegarem at\u00e9 dezembro, a situa\u00e7\u00e3o se complica, j\u00e1 que o m\u00eas de janeiro costuma ser quente e seco em toda a regi\u00e3o Sudoeste, Sul e Extremo-sul do Estado. O pouco capim que resta, est\u00e1 sendo consumido rapidamente pelo gado, que j\u00e1 come\u00e7a a emagrecer, em algumas regi\u00f5es.<\/p>\n<p>Ap\u00f3s o longo per\u00edodo de seca que se abateu na regi\u00e3o entre 2011 e 2016, as pastagens da &#8216;Capital da Pecu\u00e1ria&#8217; ainda n\u00e3o se recuperaram totalmente e necessitam de muita chuva para retomarem \u00e0 normalidade.<\/p>\n<p>Com os desmatamentos cont\u00ednuos, o clima da regi\u00e3o vem se transformando, com per\u00edodos longos de estiagem e seca, numa regi\u00e3o tradicionalmente boa de chuva, como j\u00e1 foi no passado.<\/p>\n<p>Agora estamos na \u00e9poca das &#8216;vacas magras&#8217;, literalmente.<\/p>\n<p><strong><em>Por Davi Ferraz<\/em><\/strong><\/p>\n","protected":false},"excerpt":{"rendered":"<p>O longo per\u00edodo de estiagem j\u00e1 come\u00e7a a preocupar os produtores rurais de Itapetinga e todo o M\u00e9dio Sudoeste da Bahia, j\u00e1 que a previs\u00e3o indica pouca chuva nos pr\u00f3ximos dias, com alguma \u00eanfase na semana que vem. As pastagens da regi\u00e3o est\u00e3o secando rapidamente e se as &#8216;chuvas das \u00e1guas&#8216; n\u00e3o chegarem at\u00e9 dezembro, [&hellip;]<\/p>\n","protected":false},"author":2,"featured_media":83517,"comment_status":"open","ping_status":"open","sticky":false,"template":"","format":"standard","meta":{"footnotes":"","_links_to":"","_links_to_target":""},"categories":[1],"tags":[],"class_list":["post-83512","post","type-post","status-publish","format-standard","has-post-thumbnail","hentry","category-geral"],"views":782,"_links":{"self":[{"href":"https:\/\/www.sudoestehoje.com.br\/novoportal\/wp-json\/wp\/v2\/posts\/83512","targetHints":{"allow":["GET"]}}],"collection":[{"href":"https:\/\/www.sudoestehoje.com.br\/novoportal\/wp-json\/wp\/v2\/posts"}],"about":[{"href":"https:\/\/www.sudoestehoje.com.br\/novoportal\/wp-json\/wp\/v2\/types\/post"}],"author":[{"embeddable":true,"href":"https:\/\/www.sudoestehoje.com.br\/novoportal\/wp-json\/wp\/v2\/users\/2"}],"replies":[{"embeddable":true,"href":"https:\/\/www.sudoestehoje.com.br\/novoportal\/wp-json\/wp\/v2\/comments?post=83512"}],"version-history":[{"count":7,"href":"https:\/\/www.sudoestehoje.com.br\/novoportal\/wp-json\/wp\/v2\/posts\/83512\/revisions"}],"predecessor-version":[{"id":83520,"href":"https:\/\/www.sudoestehoje.com.br\/novoportal\/wp-json\/wp\/v2\/posts\/83512\/revisions\/83520"}],"wp:featuredmedia":[{"embeddable":true,"href":"https:\/\/www.sudoestehoje.com.br\/novoportal\/wp-json\/wp\/v2\/media\/83517"}],"wp:attachment":[{"href":"https:\/\/www.sudoestehoje.com.br\/novoportal\/wp-json\/wp\/v2\/media?parent=83512"}],"wp:term":[{"taxonomy":"category","embeddable":true,"href":"https:\/\/www.sudoestehoje.com.br\/novoportal\/wp-json\/wp\/v2\/categories?post=83512"},{"taxonomy":"post_tag","embeddable":true,"href":"https:\/\/www.sudoestehoje.com.br\/novoportal\/wp-json\/wp\/v2\/tags?post=83512"}],"curies":[{"name":"wp","href":"https:\/\/api.w.org\/{rel}","templated":true}]}}