
{"id":83497,"date":"2019-11-10T09:23:27","date_gmt":"2019-11-10T12:23:27","guid":{"rendered":"https:\/\/www.sudoestehoje.com.br\/novoportal\/?p=83497"},"modified":"2019-11-10T09:23:27","modified_gmt":"2019-11-10T12:23:27","slug":"suspeitos-de-matar-o-estudante-hiago-sao-presos-em-vitoria-da-conquista","status":"publish","type":"post","link":"https:\/\/www.sudoestehoje.com.br\/novoportal\/2019\/11\/10\/suspeitos-de-matar-o-estudante-hiago-sao-presos-em-vitoria-da-conquista\/","title":{"rendered":"SUSPEITOS DE MATAR O ESTUDANTE HIAGO S\u00c3O PRESOS EM VIT\u00d3RIA DA CONQUISTA"},"content":{"rendered":"<div class=\"mc-column content-text active-extra-styles \" data-block-type=\"unstyled\" data-block-weight=\"48\" data-block-id=\"2\">\n<p data-track-category=\"Link no Texto\" data-track-links=\"\"><a href=\"https:\/\/www.sudoestehoje.com.br\/novoportal\/wp-content\/uploads\/2019\/11\/CRIME-HIAGO.jpg\"><img loading=\"lazy\" decoding=\"async\" class=\"aligncenter size-medium wp-image-83498\" src=\"https:\/\/www.sudoestehoje.com.br\/novoportal\/wp-content\/uploads\/2019\/11\/CRIME-HIAGO-500x313.jpg\" alt=\"\" width=\"500\" height=\"313\" srcset=\"https:\/\/www.sudoestehoje.com.br\/novoportal\/wp-content\/uploads\/2019\/11\/CRIME-HIAGO-500x313.jpg 500w, https:\/\/www.sudoestehoje.com.br\/novoportal\/wp-content\/uploads\/2019\/11\/CRIME-HIAGO.jpg 640w\" sizes=\"auto, (max-width: 500px) 100vw, 500px\" \/><\/a><\/p>\n<p class=\"content-text__container \" data-track-category=\"Link no Texto\" data-track-links=\"\">Dois jovens, de 21 e 22 anos, foram presos pela suspeita de matarem Hiago Evangelista Freitas, de 24 anos, na cidade de Vit\u00f3ria da Conquista, sudoeste da Bahia, no s\u00e1bado (9).\u00a0A v\u00edtima foi encontrada morta depois de sair para trabalhar como motorista de transporte por aplicativo.<\/p>\n<\/div>\n<div class=\"wall protected-content\">\n<div class=\"mc-column content-text active-extra-styles \" data-block-type=\"unstyled\" data-block-weight=\"41\" data-block-id=\"3\">\n<p class=\"content-text__container \" data-track-category=\"Link no Texto\" data-track-links=\"\">Alexandre Cruz Brito, 21 anos e Rodrigo Porto Oliveira Silva, 22, confessaram o crime \u00e0 pol\u00edcia. Ao delegado Fabiano Aurich, respons\u00e1vel pela investiga\u00e7\u00e3o do crime, a dupla disse que assaltou Hiago com um rev\u00f3lver falso e que o crime foi premeditado.<\/p>\n<\/div>\n<div class=\"mc-column content-text active-extra-styles \" data-block-type=\"unstyled\" data-block-weight=\"25\" data-block-id=\"4\">\n<p class=\"content-text__container \" data-track-category=\"Link no Texto\" data-track-links=\"\">Hiago Evangelista Freitas era estudante de odontologia e desapareceu na noite de quarta-feira (6), ap\u00f3s deixar a namorada em casa para fazer corridas no munic\u00edpio.<\/p>\n<div class=\"mc-column content-text active-extra-styles \" data-block-type=\"unstyled\" data-block-weight=\"56\" data-block-id=\"6\">\n<p class=\"content-text__container \" data-track-category=\"Link no Texto\" data-track-links=\"\">Ao delegado, os dois disseram ainda que depois imobilizaram Hiago e o levaram para a estrada que liga o bairro de S\u00e3o Sebasti\u00e3o \u00e0 cidade de Barra do Cho\u00e7a, onde ele foi morto a facadas. O corpo de Hiago foi encontrado carbonizado. Os suspeitos disseram que mataram a v\u00edtima porque tinham medo de serem denunciados.<\/p>\n<p data-track-category=\"Link no Texto\" data-track-links=\"\"><a href=\"https:\/\/www.sudoestehoje.com.br\/novoportal\/wp-content\/uploads\/2019\/11\/HIAGO-2.jpg\"><img loading=\"lazy\" decoding=\"async\" class=\"aligncenter size-medium wp-image-83499\" src=\"https:\/\/www.sudoestehoje.com.br\/novoportal\/wp-content\/uploads\/2019\/11\/HIAGO-2-500x313.jpg\" alt=\"\" width=\"500\" height=\"313\" srcset=\"https:\/\/www.sudoestehoje.com.br\/novoportal\/wp-content\/uploads\/2019\/11\/HIAGO-2-500x313.jpg 500w, https:\/\/www.sudoestehoje.com.br\/novoportal\/wp-content\/uploads\/2019\/11\/HIAGO-2.jpg 640w\" sizes=\"auto, (max-width: 500px) 100vw, 500px\" \/><\/a><\/p>\n<\/div>\n<div class=\"mc-column content-text active-extra-styles \" data-block-type=\"unstyled\" data-block-weight=\"45\" data-block-id=\"7\">\n<p class=\"content-text__container \" data-track-category=\"Link no Texto\" data-track-links=\"\">Na casa de Rodrigo, a pol\u00edcia apreendeu v\u00e1rios objetos pessoais da v\u00edtima, incluindo documentos, cart\u00f5es de banco, a chave do carro que Hiago dirigia e o celular dele. O carro de Hiago foi deixado pelos suspeitos no bairro Alto Maron, tamb\u00e9m em Vit\u00f3ria da Conquista.<\/p>\n<\/div>\n<div class=\"mc-column content-text active-extra-styles \" data-block-type=\"unstyled\" data-block-weight=\"36\" data-block-id=\"8\">\n<p class=\"content-text__container \" data-track-category=\"Link no Texto\" data-track-links=\"\">Os policiais encontraram, tamb\u00e9m na casa de Rodrigo, o rev\u00f3lver falso usado para cometer o assalto. Os dois foram autuados em flagrante por latroc\u00ednio, que \u00e9 o roubo seguido de morte, e por oculta\u00e7\u00e3o de cad\u00e1ver.<\/p>\n<\/div>\n<div class=\"mc-column content-text active-extra-styles \" data-block-type=\"unstyled\" data-block-weight=\"27\" data-block-id=\"9\">\n<p class=\"content-text__container \" data-track-category=\"Link no Texto\" data-track-links=\"\">Al\u00e9m disso, Rodrigo tamb\u00e9m responder\u00e1 por associa\u00e7\u00e3o ao tr\u00e1fico de drogas, adultera\u00e7\u00e3o de sinal identificador e posse ilegal de muni\u00e7\u00e3o, por outros materiais encontrados na casa dele.<\/p>\n<\/div>\n<div class=\"mc-column content-text active-extra-styles \" data-block-type=\"unstyled\" data-block-weight=\"29\" data-block-id=\"10\">\n<p class=\"content-text__container \" data-track-category=\"Link no Texto\" data-track-links=\"\">O\u00a0corpo da v\u00edtima foi enterrado no cemit\u00e9rio municipal de Guanambi, cidade natal do jovem que fica a cerca de 276 km de Vit\u00f3ria da Conquista, no s\u00e1bado (9).<\/p>\n<\/div>\n<\/div>\n<\/div>\n","protected":false},"excerpt":{"rendered":"<p>Dois jovens, de 21 e 22 anos, foram presos pela suspeita de matarem Hiago Evangelista Freitas, de 24 anos, na cidade de Vit\u00f3ria da Conquista, sudoeste da Bahia, no s\u00e1bado (9).\u00a0A v\u00edtima foi encontrada morta depois de sair para trabalhar como motorista de transporte por aplicativo. Alexandre Cruz Brito, 21 anos e Rodrigo Porto Oliveira [&hellip;]<\/p>\n","protected":false},"author":2,"featured_media":83498,"comment_status":"open","ping_status":"open","sticky":false,"template":"","format":"standard","meta":{"footnotes":"","_links_to":"","_links_to_target":""},"categories":[1],"tags":[],"class_list":["post-83497","post","type-post","status-publish","format-standard","has-post-thumbnail","hentry","category-geral"],"views":1068,"_links":{"self":[{"href":"https:\/\/www.sudoestehoje.com.br\/novoportal\/wp-json\/wp\/v2\/posts\/83497","targetHints":{"allow":["GET"]}}],"collection":[{"href":"https:\/\/www.sudoestehoje.com.br\/novoportal\/wp-json\/wp\/v2\/posts"}],"about":[{"href":"https:\/\/www.sudoestehoje.com.br\/novoportal\/wp-json\/wp\/v2\/types\/post"}],"author":[{"embeddable":true,"href":"https:\/\/www.sudoestehoje.com.br\/novoportal\/wp-json\/wp\/v2\/users\/2"}],"replies":[{"embeddable":true,"href":"https:\/\/www.sudoestehoje.com.br\/novoportal\/wp-json\/wp\/v2\/comments?post=83497"}],"version-history":[{"count":1,"href":"https:\/\/www.sudoestehoje.com.br\/novoportal\/wp-json\/wp\/v2\/posts\/83497\/revisions"}],"predecessor-version":[{"id":83500,"href":"https:\/\/www.sudoestehoje.com.br\/novoportal\/wp-json\/wp\/v2\/posts\/83497\/revisions\/83500"}],"wp:featuredmedia":[{"embeddable":true,"href":"https:\/\/www.sudoestehoje.com.br\/novoportal\/wp-json\/wp\/v2\/media\/83498"}],"wp:attachment":[{"href":"https:\/\/www.sudoestehoje.com.br\/novoportal\/wp-json\/wp\/v2\/media?parent=83497"}],"wp:term":[{"taxonomy":"category","embeddable":true,"href":"https:\/\/www.sudoestehoje.com.br\/novoportal\/wp-json\/wp\/v2\/categories?post=83497"},{"taxonomy":"post_tag","embeddable":true,"href":"https:\/\/www.sudoestehoje.com.br\/novoportal\/wp-json\/wp\/v2\/tags?post=83497"}],"curies":[{"name":"wp","href":"https:\/\/api.w.org\/{rel}","templated":true}]}}