
{"id":83467,"date":"2019-11-09T20:54:43","date_gmt":"2019-11-09T23:54:43","guid":{"rendered":"https:\/\/www.sudoestehoje.com.br\/novoportal\/?p=83467"},"modified":"2019-11-09T20:54:43","modified_gmt":"2019-11-09T23:54:43","slug":"lula-chega-a-sao-paulo-em-jatinho-particular-de-luciano-huck","status":"publish","type":"post","link":"https:\/\/www.sudoestehoje.com.br\/novoportal\/2019\/11\/09\/lula-chega-a-sao-paulo-em-jatinho-particular-de-luciano-huck\/","title":{"rendered":"LULA CHEGA A S\u00c3O PAULO EM JATINHO PARTICULAR DE LUCIANO HUCK"},"content":{"rendered":"<p><a href=\"https:\/\/www.sudoestehoje.com.br\/novoportal\/wp-content\/uploads\/2019\/11\/Lula-chega-a-S\u00e3o-Paulo-1000x530.jpg\"><img loading=\"lazy\" decoding=\"async\" class=\"aligncenter size-medium wp-image-83469\" src=\"https:\/\/www.sudoestehoje.com.br\/novoportal\/wp-content\/uploads\/2019\/11\/Lula-chega-a-S\u00e3o-Paulo-1000x530-500x265.jpg\" alt=\"\" width=\"500\" height=\"265\" srcset=\"https:\/\/www.sudoestehoje.com.br\/novoportal\/wp-content\/uploads\/2019\/11\/Lula-chega-a-S\u00e3o-Paulo-1000x530-500x265.jpg 500w, https:\/\/www.sudoestehoje.com.br\/novoportal\/wp-content\/uploads\/2019\/11\/Lula-chega-a-S\u00e3o-Paulo-1000x530-768x407.jpg 768w, https:\/\/www.sudoestehoje.com.br\/novoportal\/wp-content\/uploads\/2019\/11\/Lula-chega-a-S\u00e3o-Paulo-1000x530-700x371.jpg 700w, https:\/\/www.sudoestehoje.com.br\/novoportal\/wp-content\/uploads\/2019\/11\/Lula-chega-a-S\u00e3o-Paulo-1000x530.jpg 1000w\" sizes=\"auto, (max-width: 500px) 100vw, 500px\" \/><\/a><\/p>\n<p>O ex-presidente Luiz In\u00e1cio Lula da Silva (PT) chegou na manh\u00e3 deste s\u00e1bado (9) a S\u00e3o Paulo, onde participa de um ato no sindicato dos metal\u00fargicos em S\u00e3o Bernardo do Campo. O petista voou de Curitiba \u00e0 capital paulista em um jatinho particular que, segundo a Veja Online, pertence ao apresentador Luciano Huck e a sua esposa, Ang\u00e9lica.<\/p>\n<p>De acordo com a Ag\u00eancia Nacional de Avia\u00e7\u00e3o Civil, a aeronave de prefixo PP-HUC pertence \u00e0 Icon T\u00e1xi A\u00e9reo e \u00e0 Brisair Servi\u00e7os T\u00e9cnicos Aeron\u00e1uticos, de propriedade dos artistas.<\/p>\n<p>A assessoria do apresentador nega que o avi\u00e3o tenha sido cedido. \u201cA aeronave faz parte da frota da Icon Taxi a\u00e9reo e por meio da empresa foi contratada para o v\u00f4o pois estava dispon\u00edvel na data solicitada. A agenda de loca\u00e7\u00e3o das aeronaves \u00e9 de responsabilidade da Icon Taxi A\u00e9reo. Detalhes sobre a opera\u00e7\u00e3o com a empresa\u201d, afirmou, em nota, segundo a Veja.<\/p>\n","protected":false},"excerpt":{"rendered":"<p>O ex-presidente Luiz In\u00e1cio Lula da Silva (PT) chegou na manh\u00e3 deste s\u00e1bado (9) a S\u00e3o Paulo, onde participa de um ato no sindicato dos metal\u00fargicos em S\u00e3o Bernardo do Campo. O petista voou de Curitiba \u00e0 capital paulista em um jatinho particular que, segundo a Veja Online, pertence ao apresentador Luciano Huck e a [&hellip;]<\/p>\n","protected":false},"author":2,"featured_media":83469,"comment_status":"open","ping_status":"open","sticky":false,"template":"","format":"standard","meta":{"footnotes":"","_links_to":"","_links_to_target":""},"categories":[1],"tags":[],"class_list":["post-83467","post","type-post","status-publish","format-standard","has-post-thumbnail","hentry","category-geral"],"views":861,"_links":{"self":[{"href":"https:\/\/www.sudoestehoje.com.br\/novoportal\/wp-json\/wp\/v2\/posts\/83467","targetHints":{"allow":["GET"]}}],"collection":[{"href":"https:\/\/www.sudoestehoje.com.br\/novoportal\/wp-json\/wp\/v2\/posts"}],"about":[{"href":"https:\/\/www.sudoestehoje.com.br\/novoportal\/wp-json\/wp\/v2\/types\/post"}],"author":[{"embeddable":true,"href":"https:\/\/www.sudoestehoje.com.br\/novoportal\/wp-json\/wp\/v2\/users\/2"}],"replies":[{"embeddable":true,"href":"https:\/\/www.sudoestehoje.com.br\/novoportal\/wp-json\/wp\/v2\/comments?post=83467"}],"version-history":[{"count":2,"href":"https:\/\/www.sudoestehoje.com.br\/novoportal\/wp-json\/wp\/v2\/posts\/83467\/revisions"}],"predecessor-version":[{"id":83470,"href":"https:\/\/www.sudoestehoje.com.br\/novoportal\/wp-json\/wp\/v2\/posts\/83467\/revisions\/83470"}],"wp:featuredmedia":[{"embeddable":true,"href":"https:\/\/www.sudoestehoje.com.br\/novoportal\/wp-json\/wp\/v2\/media\/83469"}],"wp:attachment":[{"href":"https:\/\/www.sudoestehoje.com.br\/novoportal\/wp-json\/wp\/v2\/media?parent=83467"}],"wp:term":[{"taxonomy":"category","embeddable":true,"href":"https:\/\/www.sudoestehoje.com.br\/novoportal\/wp-json\/wp\/v2\/categories?post=83467"},{"taxonomy":"post_tag","embeddable":true,"href":"https:\/\/www.sudoestehoje.com.br\/novoportal\/wp-json\/wp\/v2\/tags?post=83467"}],"curies":[{"name":"wp","href":"https:\/\/api.w.org\/{rel}","templated":true}]}}