
{"id":83462,"date":"2019-11-08T22:54:26","date_gmt":"2019-11-09T01:54:26","guid":{"rendered":"https:\/\/www.sudoestehoje.com.br\/novoportal\/?p=83462"},"modified":"2019-11-08T22:59:16","modified_gmt":"2019-11-09T01:59:16","slug":"porteira-aberta-apos-lula-ze-dirceu-e-eduardo-azeredo-ja-estao-na-rua","status":"publish","type":"post","link":"https:\/\/www.sudoestehoje.com.br\/novoportal\/2019\/11\/08\/porteira-aberta-apos-lula-ze-dirceu-e-eduardo-azeredo-ja-estao-na-rua\/","title":{"rendered":"PORTEIRA ABERTA: AP\u00d3S LULA, Z\u00c9 DIRCEU E EDUARDO AZEREDO J\u00c1 EST\u00c3O NA RUA"},"content":{"rendered":"<p><a href=\"https:\/\/www.sudoestehoje.com.br\/novoportal\/wp-content\/uploads\/2019\/11\/azeredo.jpg\"><img loading=\"lazy\" decoding=\"async\" class=\"aligncenter size-medium wp-image-83463\" src=\"https:\/\/www.sudoestehoje.com.br\/novoportal\/wp-content\/uploads\/2019\/11\/azeredo-500x333.jpg\" alt=\"\" width=\"500\" height=\"333\" srcset=\"https:\/\/www.sudoestehoje.com.br\/novoportal\/wp-content\/uploads\/2019\/11\/azeredo-500x333.jpg 500w, https:\/\/www.sudoestehoje.com.br\/novoportal\/wp-content\/uploads\/2019\/11\/azeredo.jpg 680w\" sizes=\"auto, (max-width: 500px) 100vw, 500px\" \/><\/a><\/p>\n<div class=\"colMain\">\n<div class=\"articleData \">\n<p>Ex-ministro petista e ex-governador tucano apresentaram pedidos de soltura com base em decis\u00e3o do STF que barrou pris\u00e3o em 2\u00b0 inst\u00e2ncia.<\/p>\n<p>Tal como Lula, os dois v\u00e3o aguardar an\u00e1lise de recursos em liberdade.Al\u00e9m do ex-presidente Luiz In\u00e1cio Lula da Silva, a decis\u00e3o do Supremo Tribunal Federal que barrou a pris\u00e3o em segunda inst\u00e2ncia tamb\u00e9m teve impacto na situa\u00e7\u00e3o de outros pol\u00edticos condenados que cumpriam pena.<\/p>\n<p>O ex-ministro petista Jos\u00e9 Dirceu e o ex-governador de Minas Eduardo Azeredo (ex-tucano e hoje sem partido) tamb\u00e9m conseguiram nesta sexta-feira decis\u00f5es na Justi\u00e7a para deixar a pris\u00e3o.<\/p>\n<p>Outros presos da Lava Jato devem deixar as pris\u00f5es, nas pr\u00f3xima hora, sem contar com os milhares de presos comuns que tamb\u00e9m podem ser beneficiado com o retrocesso imposto pelo STF.<\/p>\n<\/div>\n<\/div>\n","protected":false},"excerpt":{"rendered":"<p>Ex-ministro petista e ex-governador tucano apresentaram pedidos de soltura com base em decis\u00e3o do STF que barrou pris\u00e3o em 2\u00b0 inst\u00e2ncia. Tal como Lula, os dois v\u00e3o aguardar an\u00e1lise de recursos em liberdade.Al\u00e9m do ex-presidente Luiz In\u00e1cio Lula da Silva, a decis\u00e3o do Supremo Tribunal Federal que barrou a pris\u00e3o em segunda inst\u00e2ncia tamb\u00e9m teve [&hellip;]<\/p>\n","protected":false},"author":2,"featured_media":83464,"comment_status":"open","ping_status":"open","sticky":false,"template":"","format":"standard","meta":{"footnotes":"","_links_to":"","_links_to_target":""},"categories":[1],"tags":[],"class_list":["post-83462","post","type-post","status-publish","format-standard","has-post-thumbnail","hentry","category-geral"],"views":759,"_links":{"self":[{"href":"https:\/\/www.sudoestehoje.com.br\/novoportal\/wp-json\/wp\/v2\/posts\/83462","targetHints":{"allow":["GET"]}}],"collection":[{"href":"https:\/\/www.sudoestehoje.com.br\/novoportal\/wp-json\/wp\/v2\/posts"}],"about":[{"href":"https:\/\/www.sudoestehoje.com.br\/novoportal\/wp-json\/wp\/v2\/types\/post"}],"author":[{"embeddable":true,"href":"https:\/\/www.sudoestehoje.com.br\/novoportal\/wp-json\/wp\/v2\/users\/2"}],"replies":[{"embeddable":true,"href":"https:\/\/www.sudoestehoje.com.br\/novoportal\/wp-json\/wp\/v2\/comments?post=83462"}],"version-history":[{"count":2,"href":"https:\/\/www.sudoestehoje.com.br\/novoportal\/wp-json\/wp\/v2\/posts\/83462\/revisions"}],"predecessor-version":[{"id":83466,"href":"https:\/\/www.sudoestehoje.com.br\/novoportal\/wp-json\/wp\/v2\/posts\/83462\/revisions\/83466"}],"wp:featuredmedia":[{"embeddable":true,"href":"https:\/\/www.sudoestehoje.com.br\/novoportal\/wp-json\/wp\/v2\/media\/83464"}],"wp:attachment":[{"href":"https:\/\/www.sudoestehoje.com.br\/novoportal\/wp-json\/wp\/v2\/media?parent=83462"}],"wp:term":[{"taxonomy":"category","embeddable":true,"href":"https:\/\/www.sudoestehoje.com.br\/novoportal\/wp-json\/wp\/v2\/categories?post=83462"},{"taxonomy":"post_tag","embeddable":true,"href":"https:\/\/www.sudoestehoje.com.br\/novoportal\/wp-json\/wp\/v2\/tags?post=83462"}],"curies":[{"name":"wp","href":"https:\/\/api.w.org\/{rel}","templated":true}]}}