
{"id":83459,"date":"2019-11-08T22:37:32","date_gmt":"2019-11-09T01:37:32","guid":{"rendered":"https:\/\/www.sudoestehoje.com.br\/novoportal\/?p=83459"},"modified":"2019-11-08T22:37:32","modified_gmt":"2019-11-09T01:37:32","slug":"ex-presidente-lula-e-solto-apos-cumprir-um-ano-e-sete-meses-de-prisao","status":"publish","type":"post","link":"https:\/\/www.sudoestehoje.com.br\/novoportal\/2019\/11\/08\/ex-presidente-lula-e-solto-apos-cumprir-um-ano-e-sete-meses-de-prisao\/","title":{"rendered":"EX-PRESIDENTE LULA \u00c9 SOLTO AP\u00d3S CUMPRIR UM ANO E SETE MESES DE PRIS\u00c3O"},"content":{"rendered":"<p><a href=\"https:\/\/www.sudoestehoje.com.br\/novoportal\/wp-content\/uploads\/2019\/11\/LULA-SOLTO.jpg\"><img loading=\"lazy\" decoding=\"async\" class=\"aligncenter size-medium wp-image-83460\" src=\"https:\/\/www.sudoestehoje.com.br\/novoportal\/wp-content\/uploads\/2019\/11\/LULA-SOLTO-500x300.jpg\" alt=\"\" width=\"500\" height=\"300\" srcset=\"https:\/\/www.sudoestehoje.com.br\/novoportal\/wp-content\/uploads\/2019\/11\/LULA-SOLTO-500x300.jpg 500w, https:\/\/www.sudoestehoje.com.br\/novoportal\/wp-content\/uploads\/2019\/11\/LULA-SOLTO-768x461.jpg 768w, https:\/\/www.sudoestehoje.com.br\/novoportal\/wp-content\/uploads\/2019\/11\/LULA-SOLTO-700x420.jpg 700w, https:\/\/www.sudoestehoje.com.br\/novoportal\/wp-content\/uploads\/2019\/11\/LULA-SOLTO.jpg 1086w\" sizes=\"auto, (max-width: 500px) 100vw, 500px\" \/><\/a><\/p>\n<p class=\"bodytext\">O ex-presidente Luiz In\u00e1cio Lula da Silva deixou a sede da Pol\u00edcia Federal em Curitiba, onde estava preso, na tarde desta sexta-feira (8). Lula teve a liberdade concedida pela Justi\u00e7a depois de uma decis\u00e3o de ontem do Supremo Tribunal Federal (STF) que\u00a0volta a considerar inconstitucional a pris\u00e3o ap\u00f3s condena\u00e7\u00e3o em segunda inst\u00e2ncia. Como ainda tem recursos em andamento e n\u00e3o tem pris\u00e3o preventiva em seu nome, Lula foi beneficiado pela decis\u00e3o.<\/p>\n<p class=\"bodytext\">Ele deixou a pris\u00e3o acompanhado de familiares, da namorada Ros\u00e2ngela e de pol\u00edticos como Gleisi Hoffmann, presidente do PT. Logo depois, falou aos militantes que aguardavam em frente \u00e0 sede, criticando o que chamou de &#8220;banda podre&#8221; do Minist\u00e9rio P\u00fablico e agradecendo o apoio que recebeu enquanto esteve preso.<\/p>\n<p class=\"bodytext\">A defesa do ex-presidente protocolou na manh\u00e3 de hoje pedido de liberdade. Os defensores alegaram que a decis\u00e3o do Supremo Tribunal Federal (STF), que considerou inv\u00e1lida a execu\u00e7\u00e3o provis\u00f3ria da pena em segunda inst\u00e2ncia, \u00e9 de conhecimento p\u00fablico e pede que seja expedido alvar\u00e1 de soltura para o petista. Lula ficou preso desde 7 de abril de 2018 na sede da Pol\u00edcia Federal do Paran\u00e1, ber\u00e7o da Opera\u00e7\u00e3o Lava Jato.<\/p>\n","protected":false},"excerpt":{"rendered":"<p>O ex-presidente Luiz In\u00e1cio Lula da Silva deixou a sede da Pol\u00edcia Federal em Curitiba, onde estava preso, na tarde desta sexta-feira (8). Lula teve a liberdade concedida pela Justi\u00e7a depois de uma decis\u00e3o de ontem do Supremo Tribunal Federal (STF) que\u00a0volta a considerar inconstitucional a pris\u00e3o ap\u00f3s condena\u00e7\u00e3o em segunda inst\u00e2ncia. Como ainda tem [&hellip;]<\/p>\n","protected":false},"author":2,"featured_media":83460,"comment_status":"open","ping_status":"open","sticky":false,"template":"","format":"standard","meta":{"footnotes":"","_links_to":"","_links_to_target":""},"categories":[1],"tags":[],"class_list":["post-83459","post","type-post","status-publish","format-standard","has-post-thumbnail","hentry","category-geral"],"views":879,"_links":{"self":[{"href":"https:\/\/www.sudoestehoje.com.br\/novoportal\/wp-json\/wp\/v2\/posts\/83459","targetHints":{"allow":["GET"]}}],"collection":[{"href":"https:\/\/www.sudoestehoje.com.br\/novoportal\/wp-json\/wp\/v2\/posts"}],"about":[{"href":"https:\/\/www.sudoestehoje.com.br\/novoportal\/wp-json\/wp\/v2\/types\/post"}],"author":[{"embeddable":true,"href":"https:\/\/www.sudoestehoje.com.br\/novoportal\/wp-json\/wp\/v2\/users\/2"}],"replies":[{"embeddable":true,"href":"https:\/\/www.sudoestehoje.com.br\/novoportal\/wp-json\/wp\/v2\/comments?post=83459"}],"version-history":[{"count":1,"href":"https:\/\/www.sudoestehoje.com.br\/novoportal\/wp-json\/wp\/v2\/posts\/83459\/revisions"}],"predecessor-version":[{"id":83461,"href":"https:\/\/www.sudoestehoje.com.br\/novoportal\/wp-json\/wp\/v2\/posts\/83459\/revisions\/83461"}],"wp:featuredmedia":[{"embeddable":true,"href":"https:\/\/www.sudoestehoje.com.br\/novoportal\/wp-json\/wp\/v2\/media\/83460"}],"wp:attachment":[{"href":"https:\/\/www.sudoestehoje.com.br\/novoportal\/wp-json\/wp\/v2\/media?parent=83459"}],"wp:term":[{"taxonomy":"category","embeddable":true,"href":"https:\/\/www.sudoestehoje.com.br\/novoportal\/wp-json\/wp\/v2\/categories?post=83459"},{"taxonomy":"post_tag","embeddable":true,"href":"https:\/\/www.sudoestehoje.com.br\/novoportal\/wp-json\/wp\/v2\/tags?post=83459"}],"curies":[{"name":"wp","href":"https:\/\/api.w.org\/{rel}","templated":true}]}}