
{"id":83440,"date":"2019-11-06T22:44:27","date_gmt":"2019-11-07T01:44:27","guid":{"rendered":"https:\/\/www.sudoestehoje.com.br\/novoportal\/?p=83440"},"modified":"2019-11-06T22:44:27","modified_gmt":"2019-11-07T01:44:27","slug":"bahia-tem-o-maior-numero-de-pessoas-na-extrema-pobreza-do-brasil","status":"publish","type":"post","link":"https:\/\/www.sudoestehoje.com.br\/novoportal\/2019\/11\/06\/bahia-tem-o-maior-numero-de-pessoas-na-extrema-pobreza-do-brasil\/","title":{"rendered":"BAHIA TEM O MAIOR N\u00daMERO DE PESSOAS NA EXTREMA POBREZA DO BRASIL"},"content":{"rendered":"<p><a href=\"https:\/\/www.sudoestehoje.com.br\/novoportal\/wp-content\/uploads\/2019\/11\/miseria.jpg\"><img loading=\"lazy\" decoding=\"async\" class=\"aligncenter size-medium wp-image-83441\" src=\"https:\/\/www.sudoestehoje.com.br\/novoportal\/wp-content\/uploads\/2019\/11\/miseria-500x300.jpg\" alt=\"\" width=\"500\" height=\"300\" \/><\/a><\/p>\n<p>Segundo dados do Instituto Brasileiro de Geografia e Estat\u00edstica (IBGE),\u00a0 a Bahia e Salvador tem tem 1,9 milh\u00f5es de pessoas na extrema\u00a0<span id=\"more-413223\"><\/span>pobreza. Esse dado representa 13,0% da popula\u00e7\u00e3o. O estado se manteve com o maior contingente de pessoas em extrema pobreza do pa\u00eds, e o s\u00e9timo maior percentual. O percentual baiano era o dobro do nacional. No Brasil, em 2018, 6,5% da popula\u00e7\u00e3o, ou 13,5 milh\u00f5es de pessoas, viviam abaixo da linha de extrema pobreza.<\/p>\n<p>Por\u00e9m, enquanto na Bahia esse percentual teve uma redu\u00e7\u00e3o em rela\u00e7\u00e3o a 2017, quando era de 13,7% (2,021 milh\u00f5es de pessoas), no pa\u00eds houve uma varia\u00e7\u00e3o para cima (era de 6,4% em 2017, 13,3 milh\u00f5es de pessoas) e o n\u00famero de extremamente pobres chegou ao seu maior patamar desde 2012.<\/p>\n<p>Em Salvador, 4,3% da popula\u00e7\u00e3o vivia abaixo da linha de extrema pobreza em 2018, o que equivalia a 124 mil pessoas. Era o 5\u00ba maior n\u00famero absoluto e o 14\u00ba maior percentual entre as 27 capitais. Houve uma importante redu\u00e7\u00e3o nessa propor\u00e7\u00e3o em rela\u00e7\u00e3o a 2017, quando 7,0% dos soteropolitanos viviam na extrema pobreza (199 mil pessoas).<\/p>\n","protected":false},"excerpt":{"rendered":"<p>Segundo dados do Instituto Brasileiro de Geografia e Estat\u00edstica (IBGE),\u00a0 a Bahia e Salvador tem tem 1,9 milh\u00f5es de pessoas na extrema\u00a0pobreza. Esse dado representa 13,0% da popula\u00e7\u00e3o. O estado se manteve com o maior contingente de pessoas em extrema pobreza do pa\u00eds, e o s\u00e9timo maior percentual. O percentual baiano era o dobro do [&hellip;]<\/p>\n","protected":false},"author":2,"featured_media":83441,"comment_status":"open","ping_status":"open","sticky":false,"template":"","format":"standard","meta":{"footnotes":"","_links_to":"","_links_to_target":""},"categories":[1],"tags":[],"class_list":["post-83440","post","type-post","status-publish","format-standard","has-post-thumbnail","hentry","category-geral"],"views":1315,"_links":{"self":[{"href":"https:\/\/www.sudoestehoje.com.br\/novoportal\/wp-json\/wp\/v2\/posts\/83440","targetHints":{"allow":["GET"]}}],"collection":[{"href":"https:\/\/www.sudoestehoje.com.br\/novoportal\/wp-json\/wp\/v2\/posts"}],"about":[{"href":"https:\/\/www.sudoestehoje.com.br\/novoportal\/wp-json\/wp\/v2\/types\/post"}],"author":[{"embeddable":true,"href":"https:\/\/www.sudoestehoje.com.br\/novoportal\/wp-json\/wp\/v2\/users\/2"}],"replies":[{"embeddable":true,"href":"https:\/\/www.sudoestehoje.com.br\/novoportal\/wp-json\/wp\/v2\/comments?post=83440"}],"version-history":[{"count":1,"href":"https:\/\/www.sudoestehoje.com.br\/novoportal\/wp-json\/wp\/v2\/posts\/83440\/revisions"}],"predecessor-version":[{"id":83442,"href":"https:\/\/www.sudoestehoje.com.br\/novoportal\/wp-json\/wp\/v2\/posts\/83440\/revisions\/83442"}],"wp:featuredmedia":[{"embeddable":true,"href":"https:\/\/www.sudoestehoje.com.br\/novoportal\/wp-json\/wp\/v2\/media\/83441"}],"wp:attachment":[{"href":"https:\/\/www.sudoestehoje.com.br\/novoportal\/wp-json\/wp\/v2\/media?parent=83440"}],"wp:term":[{"taxonomy":"category","embeddable":true,"href":"https:\/\/www.sudoestehoje.com.br\/novoportal\/wp-json\/wp\/v2\/categories?post=83440"},{"taxonomy":"post_tag","embeddable":true,"href":"https:\/\/www.sudoestehoje.com.br\/novoportal\/wp-json\/wp\/v2\/tags?post=83440"}],"curies":[{"name":"wp","href":"https:\/\/api.w.org\/{rel}","templated":true}]}}