
{"id":83427,"date":"2019-11-05T21:52:57","date_gmt":"2019-11-06T00:52:57","guid":{"rendered":"https:\/\/www.sudoestehoje.com.br\/novoportal\/?p=83427"},"modified":"2019-11-05T21:52:57","modified_gmt":"2019-11-06T00:52:57","slug":"flamengo-e-river-plate-farao-final-da-libertadores-em-lima-no-peru-dia-23","status":"publish","type":"post","link":"https:\/\/www.sudoestehoje.com.br\/novoportal\/2019\/11\/05\/flamengo-e-river-plate-farao-final-da-libertadores-em-lima-no-peru-dia-23\/","title":{"rendered":"FLAMENGO E RIVER PLATE FAR\u00c3O FINAL DA LIBERTADORES EM LIMA, NO PERU, DIA 23"},"content":{"rendered":"<p><a href=\"https:\/\/www.sudoestehoje.com.br\/novoportal\/wp-content\/uploads\/2019\/11\/lima.jpeg\"><img loading=\"lazy\" decoding=\"async\" class=\"aligncenter size-medium wp-image-83428\" src=\"https:\/\/www.sudoestehoje.com.br\/novoportal\/wp-content\/uploads\/2019\/11\/lima-500x313.jpeg\" alt=\"\" width=\"500\" height=\"313\" srcset=\"https:\/\/www.sudoestehoje.com.br\/novoportal\/wp-content\/uploads\/2019\/11\/lima-500x313.jpeg 500w, https:\/\/www.sudoestehoje.com.br\/novoportal\/wp-content\/uploads\/2019\/11\/lima-768x480.jpeg 768w, https:\/\/www.sudoestehoje.com.br\/novoportal\/wp-content\/uploads\/2019\/11\/lima-700x438.jpeg 700w, https:\/\/www.sudoestehoje.com.br\/novoportal\/wp-content\/uploads\/2019\/11\/lima.jpeg 846w\" sizes=\"auto, (max-width: 500px) 100vw, 500px\" \/><\/a><\/p>\n<p>A decis\u00e3o da Libertadores, entre Flamengo e River Plate ser\u00e1 em Lima, no Peru, no dia 23 de novembro. Em reuni\u00e3o na sede da Conmebol, a entidade e os clubes definiram a mudan\u00e7a do local da partida, inicialmente marcada para Santiago, no Chile.<\/p>\n<p>Por conta das manifesta\u00e7\u00f5es contra o governo local, o entendimento \u00e9 de que n\u00e3o h\u00e1 condi\u00e7\u00f5es de realizar o evento em seguran\u00e7a na capital chilena. A data da final da competi\u00e7\u00e3o segue a mesma.<\/p>\n<p>A Conmebol n\u00e3o confirma, mas h\u00e1 duas op\u00e7\u00f5es: o Est\u00e1dio Nacional e o Est\u00e1dio Monumental. O segundo, com capacidade para receber 80 mil torcedores, \u00e9 o mais cotado.<\/p>\n","protected":false},"excerpt":{"rendered":"<p>A decis\u00e3o da Libertadores, entre Flamengo e River Plate ser\u00e1 em Lima, no Peru, no dia 23 de novembro. Em reuni\u00e3o na sede da Conmebol, a entidade e os clubes definiram a mudan\u00e7a do local da partida, inicialmente marcada para Santiago, no Chile. Por conta das manifesta\u00e7\u00f5es contra o governo local, o entendimento \u00e9 de [&hellip;]<\/p>\n","protected":false},"author":2,"featured_media":83428,"comment_status":"open","ping_status":"open","sticky":false,"template":"","format":"standard","meta":{"footnotes":"","_links_to":"","_links_to_target":""},"categories":[1],"tags":[],"class_list":["post-83427","post","type-post","status-publish","format-standard","has-post-thumbnail","hentry","category-geral"],"views":717,"_links":{"self":[{"href":"https:\/\/www.sudoestehoje.com.br\/novoportal\/wp-json\/wp\/v2\/posts\/83427","targetHints":{"allow":["GET"]}}],"collection":[{"href":"https:\/\/www.sudoestehoje.com.br\/novoportal\/wp-json\/wp\/v2\/posts"}],"about":[{"href":"https:\/\/www.sudoestehoje.com.br\/novoportal\/wp-json\/wp\/v2\/types\/post"}],"author":[{"embeddable":true,"href":"https:\/\/www.sudoestehoje.com.br\/novoportal\/wp-json\/wp\/v2\/users\/2"}],"replies":[{"embeddable":true,"href":"https:\/\/www.sudoestehoje.com.br\/novoportal\/wp-json\/wp\/v2\/comments?post=83427"}],"version-history":[{"count":1,"href":"https:\/\/www.sudoestehoje.com.br\/novoportal\/wp-json\/wp\/v2\/posts\/83427\/revisions"}],"predecessor-version":[{"id":83429,"href":"https:\/\/www.sudoestehoje.com.br\/novoportal\/wp-json\/wp\/v2\/posts\/83427\/revisions\/83429"}],"wp:featuredmedia":[{"embeddable":true,"href":"https:\/\/www.sudoestehoje.com.br\/novoportal\/wp-json\/wp\/v2\/media\/83428"}],"wp:attachment":[{"href":"https:\/\/www.sudoestehoje.com.br\/novoportal\/wp-json\/wp\/v2\/media?parent=83427"}],"wp:term":[{"taxonomy":"category","embeddable":true,"href":"https:\/\/www.sudoestehoje.com.br\/novoportal\/wp-json\/wp\/v2\/categories?post=83427"},{"taxonomy":"post_tag","embeddable":true,"href":"https:\/\/www.sudoestehoje.com.br\/novoportal\/wp-json\/wp\/v2\/tags?post=83427"}],"curies":[{"name":"wp","href":"https:\/\/api.w.org\/{rel}","templated":true}]}}