
{"id":8342,"date":"2011-09-07T18:09:23","date_gmt":"2011-09-07T21:09:23","guid":{"rendered":"http:\/\/www.sudoestehoje.com.br\/novoportal\/?p=8342"},"modified":"2011-09-07T19:15:27","modified_gmt":"2011-09-07T22:15:27","slug":"dede-na-boa-com-ze-carlos","status":"publish","type":"post","link":"https:\/\/www.sudoestehoje.com.br\/novoportal\/2011\/09\/07\/dede-na-boa-com-ze-carlos\/","title":{"rendered":"DED\u00c9 NA BOA COM Z\u00c9 CARLOS"},"content":{"rendered":"<p><a href=\"http:\/\/www.sudoestehoje.com.br\/novoportal\/wp-content\/uploads\/2011\/09\/100_6477.jpg\"><img loading=\"lazy\" decoding=\"async\" class=\"aligncenter size-medium wp-image-8343\" title=\"100_6477\" src=\"http:\/\/www.sudoestehoje.com.br\/novoportal\/wp-content\/uploads\/2011\/09\/100_6477-500x375.jpg\" alt=\"\" width=\"500\" height=\"375\" srcset=\"https:\/\/www.sudoestehoje.com.br\/novoportal\/wp-content\/uploads\/2011\/09\/100_6477-500x375.jpg 500w, https:\/\/www.sudoestehoje.com.br\/novoportal\/wp-content\/uploads\/2011\/09\/100_6477-1024x768.jpg 1024w\" sizes=\"auto, (max-width: 500px) 100vw, 500px\" \/><\/a><\/p>\n<p style=\"text-align: center;\"><em><strong> Ded\u00e9 vestiu a &#8216;domingueira&#8217; e n\u00e3o saiu do lado do prefeito<\/strong><\/em><\/p>\n<p>Quem esperava uma briga daquelas, entre o vereador Ded\u00e9 Morais e o prefeito Z\u00e9 Carlos, pode esquecer. Depois de ser eliminado sumariamente do PT e de ter esbravejado na c\u00e2mara e na r\u00e1dio Fascina\u00e7\u00e3o, o vereador fez quest\u00e3o de justificar porque \u00e9 conhecido como &#8220;gente boa&#8221;, fazendo pose no palanque oficial do desfile da independ\u00eancia, ao lado do prefeito Z\u00e9 Carlos e da primeira dama. Ser\u00e1 que ele ainda assina o requerimento da CPI da Vidal? Tenho minhas d\u00favidas.<\/p>\n<p><a href=\"http:\/\/www.sudoestehoje.com.br\/novoportal\/wp-content\/uploads\/2011\/09\/100_6474.jpg\"><img loading=\"lazy\" decoding=\"async\" class=\"aligncenter size-medium wp-image-8358\" title=\"100_6474\" src=\"http:\/\/www.sudoestehoje.com.br\/novoportal\/wp-content\/uploads\/2011\/09\/100_6474-500x375.jpg\" alt=\"\" width=\"500\" height=\"375\" srcset=\"https:\/\/www.sudoestehoje.com.br\/novoportal\/wp-content\/uploads\/2011\/09\/100_6474-500x375.jpg 500w, https:\/\/www.sudoestehoje.com.br\/novoportal\/wp-content\/uploads\/2011\/09\/100_6474-1024x768.jpg 1024w\" sizes=\"auto, (max-width: 500px) 100vw, 500px\" \/><\/a><\/p>\n<p style=\"text-align: center;\"><em><strong>Outro que n\u00e3o descolou, foi o &#8216;vers\u00e1til&#8217; Romildo Teixeira<\/strong><\/em><\/p>\n<p><em><strong>Da Reda\u00e7\u00e3o<\/strong><\/em><\/p>\n","protected":false},"excerpt":{"rendered":"<p>Ded\u00e9 vestiu a &#8216;domingueira&#8217; e n\u00e3o saiu do lado do prefeito Quem esperava uma briga daquelas, entre o vereador Ded\u00e9 Morais e o prefeito Z\u00e9 Carlos, pode esquecer. Depois de ser eliminado sumariamente do PT e de ter esbravejado na c\u00e2mara e na r\u00e1dio Fascina\u00e7\u00e3o, o vereador fez quest\u00e3o de justificar porque \u00e9 conhecido como [&hellip;]<\/p>\n","protected":false},"author":2,"featured_media":0,"comment_status":"open","ping_status":"open","sticky":false,"template":"","format":"standard","meta":{"footnotes":"","_links_to":"","_links_to_target":""},"categories":[1],"tags":[],"class_list":["post-8342","post","type-post","status-publish","format-standard","hentry","category-geral"],"views":1197,"_links":{"self":[{"href":"https:\/\/www.sudoestehoje.com.br\/novoportal\/wp-json\/wp\/v2\/posts\/8342","targetHints":{"allow":["GET"]}}],"collection":[{"href":"https:\/\/www.sudoestehoje.com.br\/novoportal\/wp-json\/wp\/v2\/posts"}],"about":[{"href":"https:\/\/www.sudoestehoje.com.br\/novoportal\/wp-json\/wp\/v2\/types\/post"}],"author":[{"embeddable":true,"href":"https:\/\/www.sudoestehoje.com.br\/novoportal\/wp-json\/wp\/v2\/users\/2"}],"replies":[{"embeddable":true,"href":"https:\/\/www.sudoestehoje.com.br\/novoportal\/wp-json\/wp\/v2\/comments?post=8342"}],"version-history":[{"count":5,"href":"https:\/\/www.sudoestehoje.com.br\/novoportal\/wp-json\/wp\/v2\/posts\/8342\/revisions"}],"predecessor-version":[{"id":8346,"href":"https:\/\/www.sudoestehoje.com.br\/novoportal\/wp-json\/wp\/v2\/posts\/8342\/revisions\/8346"}],"wp:attachment":[{"href":"https:\/\/www.sudoestehoje.com.br\/novoportal\/wp-json\/wp\/v2\/media?parent=8342"}],"wp:term":[{"taxonomy":"category","embeddable":true,"href":"https:\/\/www.sudoestehoje.com.br\/novoportal\/wp-json\/wp\/v2\/categories?post=8342"},{"taxonomy":"post_tag","embeddable":true,"href":"https:\/\/www.sudoestehoje.com.br\/novoportal\/wp-json\/wp\/v2\/tags?post=8342"}],"curies":[{"name":"wp","href":"https:\/\/api.w.org\/{rel}","templated":true}]}}