
{"id":83414,"date":"2019-11-05T17:01:10","date_gmt":"2019-11-05T20:01:10","guid":{"rendered":"https:\/\/www.sudoestehoje.com.br\/novoportal\/?p=83414"},"modified":"2019-11-05T17:01:10","modified_gmt":"2019-11-05T20:01:10","slug":"itau-vai-fechar-400-agencias-ate-final-do-ano","status":"publish","type":"post","link":"https:\/\/www.sudoestehoje.com.br\/novoportal\/2019\/11\/05\/itau-vai-fechar-400-agencias-ate-final-do-ano\/","title":{"rendered":"ITA\u00da VAI FECHAR 400 AG\u00caNCIAS AT\u00c9 FINAL DO ANO"},"content":{"rendered":"<p><a href=\"https:\/\/www.sudoestehoje.com.br\/novoportal\/wp-content\/uploads\/2019\/11\/itau.jpg\"><img loading=\"lazy\" decoding=\"async\" class=\"aligncenter size-medium wp-image-83420\" src=\"https:\/\/www.sudoestehoje.com.br\/novoportal\/wp-content\/uploads\/2019\/11\/itau-500x333.jpg\" alt=\"\" width=\"500\" height=\"333\" srcset=\"https:\/\/www.sudoestehoje.com.br\/novoportal\/wp-content\/uploads\/2019\/11\/itau-500x333.jpg 500w, https:\/\/www.sudoestehoje.com.br\/novoportal\/wp-content\/uploads\/2019\/11\/itau-768x512.jpg 768w, https:\/\/www.sudoestehoje.com.br\/novoportal\/wp-content\/uploads\/2019\/11\/itau-700x467.jpg 700w, https:\/\/www.sudoestehoje.com.br\/novoportal\/wp-content\/uploads\/2019\/11\/itau.jpg 1380w\" sizes=\"auto, (max-width: 500px) 100vw, 500px\" \/><\/a><\/p>\n<p>O Ita\u00fa Unibanco vai fechar 400 ag\u00eancias at\u00e9 o final deste ano, de acordo com o jornal O Globo. Isso faz parte do processo de digitaliza\u00e7\u00e3o dos bancos. Al\u00e9m disso, 3,5 mil funcion\u00e1rios da institui\u00e7\u00e3o aderiram ao programa de demiss\u00e3o volunt\u00e1ria anunciado em setembro.<\/p>\n<p>O presidente do Ita\u00fa, Candido Bracher , disse, durante teleconfer\u00eancia de resultados do terceiro trimestre, que as ag\u00eancias fechadas est\u00e3o a menos de 500 metros de outras ag\u00eancias e n\u00e3o impactam o atendimento aos clientes.<\/p>\n<p>Em rela\u00e7\u00e3o ao programa de demiss\u00f5es, 50% dos funcion\u00e1rios que estavam eleg\u00edveis para o desligamento aderiram, gerando um efeito de R$ 2,4 bilh\u00f5es nos n\u00fameros do banco neste trimestre, antes de impostos.<\/p>\n","protected":false},"excerpt":{"rendered":"<p>O Ita\u00fa Unibanco vai fechar 400 ag\u00eancias at\u00e9 o final deste ano, de acordo com o jornal O Globo. Isso faz parte do processo de digitaliza\u00e7\u00e3o dos bancos. Al\u00e9m disso, 3,5 mil funcion\u00e1rios da institui\u00e7\u00e3o aderiram ao programa de demiss\u00e3o volunt\u00e1ria anunciado em setembro. O presidente do Ita\u00fa, Candido Bracher , disse, durante teleconfer\u00eancia de [&hellip;]<\/p>\n","protected":false},"author":2,"featured_media":83420,"comment_status":"open","ping_status":"open","sticky":false,"template":"","format":"standard","meta":{"footnotes":"","_links_to":"","_links_to_target":""},"categories":[1],"tags":[],"class_list":["post-83414","post","type-post","status-publish","format-standard","has-post-thumbnail","hentry","category-geral"],"views":814,"_links":{"self":[{"href":"https:\/\/www.sudoestehoje.com.br\/novoportal\/wp-json\/wp\/v2\/posts\/83414","targetHints":{"allow":["GET"]}}],"collection":[{"href":"https:\/\/www.sudoestehoje.com.br\/novoportal\/wp-json\/wp\/v2\/posts"}],"about":[{"href":"https:\/\/www.sudoestehoje.com.br\/novoportal\/wp-json\/wp\/v2\/types\/post"}],"author":[{"embeddable":true,"href":"https:\/\/www.sudoestehoje.com.br\/novoportal\/wp-json\/wp\/v2\/users\/2"}],"replies":[{"embeddable":true,"href":"https:\/\/www.sudoestehoje.com.br\/novoportal\/wp-json\/wp\/v2\/comments?post=83414"}],"version-history":[{"count":6,"href":"https:\/\/www.sudoestehoje.com.br\/novoportal\/wp-json\/wp\/v2\/posts\/83414\/revisions"}],"predecessor-version":[{"id":83421,"href":"https:\/\/www.sudoestehoje.com.br\/novoportal\/wp-json\/wp\/v2\/posts\/83414\/revisions\/83421"}],"wp:featuredmedia":[{"embeddable":true,"href":"https:\/\/www.sudoestehoje.com.br\/novoportal\/wp-json\/wp\/v2\/media\/83420"}],"wp:attachment":[{"href":"https:\/\/www.sudoestehoje.com.br\/novoportal\/wp-json\/wp\/v2\/media?parent=83414"}],"wp:term":[{"taxonomy":"category","embeddable":true,"href":"https:\/\/www.sudoestehoje.com.br\/novoportal\/wp-json\/wp\/v2\/categories?post=83414"},{"taxonomy":"post_tag","embeddable":true,"href":"https:\/\/www.sudoestehoje.com.br\/novoportal\/wp-json\/wp\/v2\/tags?post=83414"}],"curies":[{"name":"wp","href":"https:\/\/api.w.org\/{rel}","templated":true}]}}