
{"id":83407,"date":"2019-11-05T13:05:56","date_gmt":"2019-11-05T16:05:56","guid":{"rendered":"https:\/\/www.sudoestehoje.com.br\/novoportal\/?p=83407"},"modified":"2019-11-05T11:33:45","modified_gmt":"2019-11-05T14:33:45","slug":"itapetinga-processo-de-cassacao-do-vereador-diga-diga-segue-para-decisao-do-plenario-da-camara","status":"publish","type":"post","link":"https:\/\/www.sudoestehoje.com.br\/novoportal\/2019\/11\/05\/itapetinga-processo-de-cassacao-do-vereador-diga-diga-segue-para-decisao-do-plenario-da-camara\/","title":{"rendered":"ITAPETINGA: CASSA\u00c7\u00c3O DO VEREADOR DIGA DIGA SER\u00c1 DECIDIDA PELO PLEN\u00c1RIO DA C\u00c2MARA"},"content":{"rendered":"<p><a href=\"https:\/\/www.sudoestehoje.com.br\/novoportal\/wp-content\/uploads\/2019\/10\/CUSPIU-2.jpg\"><img loading=\"lazy\" decoding=\"async\" class=\"aligncenter size-medium wp-image-83345\" src=\"https:\/\/www.sudoestehoje.com.br\/novoportal\/wp-content\/uploads\/2019\/10\/CUSPIU-2-500x310.jpg\" alt=\"\" width=\"500\" height=\"310\" srcset=\"https:\/\/www.sudoestehoje.com.br\/novoportal\/wp-content\/uploads\/2019\/10\/CUSPIU-2-500x310.jpg 500w, https:\/\/www.sudoestehoje.com.br\/novoportal\/wp-content\/uploads\/2019\/10\/CUSPIU-2-700x434.jpg 700w, https:\/\/www.sudoestehoje.com.br\/novoportal\/wp-content\/uploads\/2019\/10\/CUSPIU-2.jpg 751w\" sizes=\"auto, (max-width: 500px) 100vw, 500px\" \/><\/a><\/p>\n<p>Ap\u00f3s apresenta\u00e7\u00e3o do parecer do Relator da Comiss\u00e3o Processante que apura suposta QUEBRA DE DECORO PARLAMENTAR pelo vereador Diego Rodrigues, o &#8216;Diga Diga&#8217;, o processo pol\u00edtico-administrativo seguir\u00e1 para decis\u00e3o do Plen\u00e1rio da C\u00e2mara, em sess\u00e3o a ser designada pela Mesa Diretora do Legislativo Municipal.<\/p>\n<p>No seu parecer, o Relator Anderson da Nova opinou pelo prosseguimento da apura\u00e7\u00e3o e julgamento pelo Plen\u00e1rio da C\u00e2mara, na forma prevista em lei federal (Decreto Lei 201\/67), que dever\u00e1 decidir sobre a cassa\u00e7\u00e3o do vereador, por maioria absoluta dos seus membros (8 votos).<\/p>\n<p>VOTO EM SEPARADO<\/p>\n<p>Apesar do parecer do relator ter sido contr\u00e1rio ao vereador Diga Diga, seus companheiros de oposi\u00e7\u00e3o, Romildo Teixeira e Valdeir Chagas, que tamb\u00e9m integram a Comiss\u00e3o Processante, votaram contr\u00e1rios \u00e0 sua cassa\u00e7\u00e3o, e devem apresentar parecer alternativo, no prazo de 5 dias, que tamb\u00e9m ser\u00e1 votado pelo Plen\u00e1rio da C\u00e2mara.<\/p>\n<p>A tend\u00eancia, segundo rumores dos bastidores da C\u00e2mara, \u00e9 de que o vereador perca o seu mandato por um placar el\u00e1stico.<\/p>\n<p>CANDIDATO A PREFEITO DA OPOSI\u00c7\u00c3O<\/p>\n<p>Por outro lado, o vereador Diga Diga continua negando a\u00a0 cusparada que teria dado na cara do eleitor que o denunciou, e se diz v\u00edtima de persegui\u00e7\u00e3o pol\u00edtica. Sua estrat\u00e9gia, segundo coment\u00e1rios nos meios pol\u00edticos, \u00e9 sair do processo como v\u00edtima e se tornar o candidato a prefeito da oposi\u00e7\u00e3o, com apoio de Rui Costa.<\/p>\n<p>Ser\u00e1 que tem for\u00e7a pol\u00edtica pra isso tudo?<\/p>\n<p><strong><em>Por Davi Ferraz<\/em><\/strong><\/p>\n","protected":false},"excerpt":{"rendered":"<p>Ap\u00f3s apresenta\u00e7\u00e3o do parecer do Relator da Comiss\u00e3o Processante que apura suposta QUEBRA DE DECORO PARLAMENTAR pelo vereador Diego Rodrigues, o &#8216;Diga Diga&#8217;, o processo pol\u00edtico-administrativo seguir\u00e1 para decis\u00e3o do Plen\u00e1rio da C\u00e2mara, em sess\u00e3o a ser designada pela Mesa Diretora do Legislativo Municipal. No seu parecer, o Relator Anderson da Nova opinou pelo prosseguimento [&hellip;]<\/p>\n","protected":false},"author":2,"featured_media":83345,"comment_status":"open","ping_status":"open","sticky":false,"template":"","format":"standard","meta":{"footnotes":"","_links_to":"","_links_to_target":""},"categories":[1],"tags":[],"class_list":["post-83407","post","type-post","status-publish","format-standard","has-post-thumbnail","hentry","category-geral"],"views":783,"_links":{"self":[{"href":"https:\/\/www.sudoestehoje.com.br\/novoportal\/wp-json\/wp\/v2\/posts\/83407","targetHints":{"allow":["GET"]}}],"collection":[{"href":"https:\/\/www.sudoestehoje.com.br\/novoportal\/wp-json\/wp\/v2\/posts"}],"about":[{"href":"https:\/\/www.sudoestehoje.com.br\/novoportal\/wp-json\/wp\/v2\/types\/post"}],"author":[{"embeddable":true,"href":"https:\/\/www.sudoestehoje.com.br\/novoportal\/wp-json\/wp\/v2\/users\/2"}],"replies":[{"embeddable":true,"href":"https:\/\/www.sudoestehoje.com.br\/novoportal\/wp-json\/wp\/v2\/comments?post=83407"}],"version-history":[{"count":6,"href":"https:\/\/www.sudoestehoje.com.br\/novoportal\/wp-json\/wp\/v2\/posts\/83407\/revisions"}],"predecessor-version":[{"id":83413,"href":"https:\/\/www.sudoestehoje.com.br\/novoportal\/wp-json\/wp\/v2\/posts\/83407\/revisions\/83413"}],"wp:featuredmedia":[{"embeddable":true,"href":"https:\/\/www.sudoestehoje.com.br\/novoportal\/wp-json\/wp\/v2\/media\/83345"}],"wp:attachment":[{"href":"https:\/\/www.sudoestehoje.com.br\/novoportal\/wp-json\/wp\/v2\/media?parent=83407"}],"wp:term":[{"taxonomy":"category","embeddable":true,"href":"https:\/\/www.sudoestehoje.com.br\/novoportal\/wp-json\/wp\/v2\/categories?post=83407"},{"taxonomy":"post_tag","embeddable":true,"href":"https:\/\/www.sudoestehoje.com.br\/novoportal\/wp-json\/wp\/v2\/tags?post=83407"}],"curies":[{"name":"wp","href":"https:\/\/api.w.org\/{rel}","templated":true}]}}