
{"id":83398,"date":"2019-11-04T08:54:19","date_gmt":"2019-11-04T11:54:19","guid":{"rendered":"https:\/\/www.sudoestehoje.com.br\/novoportal\/?p=83398"},"modified":"2019-11-04T08:54:19","modified_gmt":"2019-11-04T11:54:19","slug":"novo-espaco-na-central-de-abastecimento","status":"publish","type":"post","link":"https:\/\/www.sudoestehoje.com.br\/novoportal\/2019\/11\/04\/novo-espaco-na-central-de-abastecimento\/","title":{"rendered":"NOVO ESPA\u00c7O NA CENTRAL DE ABASTECIMENTO"},"content":{"rendered":"<p><a href=\"https:\/\/www.sudoestehoje.com.br\/novoportal\/wp-content\/uploads\/2019\/11\/pastelaria-feira.jpg\"><img loading=\"lazy\" decoding=\"async\" class=\"aligncenter size-medium wp-image-83399\" src=\"https:\/\/www.sudoestehoje.com.br\/novoportal\/wp-content\/uploads\/2019\/11\/pastelaria-feira-500x375.jpg\" alt=\"\" width=\"500\" height=\"375\" srcset=\"https:\/\/www.sudoestehoje.com.br\/novoportal\/wp-content\/uploads\/2019\/11\/pastelaria-feira-500x375.jpg 500w, https:\/\/www.sudoestehoje.com.br\/novoportal\/wp-content\/uploads\/2019\/11\/pastelaria-feira-768x576.jpg 768w, https:\/\/www.sudoestehoje.com.br\/novoportal\/wp-content\/uploads\/2019\/11\/pastelaria-feira-700x525.jpg 700w, https:\/\/www.sudoestehoje.com.br\/novoportal\/wp-content\/uploads\/2019\/11\/pastelaria-feira.jpg 960w\" sizes=\"auto, (max-width: 500px) 100vw, 500px\" \/><\/a><\/p>\n<p>Um novo espa\u00e7o inaugurado na Central de Abastecimento de Itapetinga vem chamando \u00e0 aten\u00e7\u00e3o de quem frequenta a feira-livre da cidade.<\/p>\n<p>Trata-se de uma pastelaria com espa\u00e7o reservado para a clientela se acomodar confortavelmente, em meio \u00e0s barracas de verdura, com atendimento diferenciado.<\/p>\n<p>Os propriet\u00e1rios capricharam, e o novo espa\u00e7o agradou em cheio. Ficou bacana!<\/p>\n<p><strong><em>Por Davi Ferraz<\/em><\/strong><\/p>\n","protected":false},"excerpt":{"rendered":"<p>Um novo espa\u00e7o inaugurado na Central de Abastecimento de Itapetinga vem chamando \u00e0 aten\u00e7\u00e3o de quem frequenta a feira-livre da cidade. Trata-se de uma pastelaria com espa\u00e7o reservado para a clientela se acomodar confortavelmente, em meio \u00e0s barracas de verdura, com atendimento diferenciado. Os propriet\u00e1rios capricharam, e o novo espa\u00e7o agradou em cheio. Ficou bacana! [&hellip;]<\/p>\n","protected":false},"author":2,"featured_media":83399,"comment_status":"open","ping_status":"open","sticky":false,"template":"","format":"standard","meta":{"footnotes":"","_links_to":"","_links_to_target":""},"categories":[1],"tags":[],"class_list":["post-83398","post","type-post","status-publish","format-standard","has-post-thumbnail","hentry","category-geral"],"views":747,"_links":{"self":[{"href":"https:\/\/www.sudoestehoje.com.br\/novoportal\/wp-json\/wp\/v2\/posts\/83398","targetHints":{"allow":["GET"]}}],"collection":[{"href":"https:\/\/www.sudoestehoje.com.br\/novoportal\/wp-json\/wp\/v2\/posts"}],"about":[{"href":"https:\/\/www.sudoestehoje.com.br\/novoportal\/wp-json\/wp\/v2\/types\/post"}],"author":[{"embeddable":true,"href":"https:\/\/www.sudoestehoje.com.br\/novoportal\/wp-json\/wp\/v2\/users\/2"}],"replies":[{"embeddable":true,"href":"https:\/\/www.sudoestehoje.com.br\/novoportal\/wp-json\/wp\/v2\/comments?post=83398"}],"version-history":[{"count":1,"href":"https:\/\/www.sudoestehoje.com.br\/novoportal\/wp-json\/wp\/v2\/posts\/83398\/revisions"}],"predecessor-version":[{"id":83400,"href":"https:\/\/www.sudoestehoje.com.br\/novoportal\/wp-json\/wp\/v2\/posts\/83398\/revisions\/83400"}],"wp:featuredmedia":[{"embeddable":true,"href":"https:\/\/www.sudoestehoje.com.br\/novoportal\/wp-json\/wp\/v2\/media\/83399"}],"wp:attachment":[{"href":"https:\/\/www.sudoestehoje.com.br\/novoportal\/wp-json\/wp\/v2\/media?parent=83398"}],"wp:term":[{"taxonomy":"category","embeddable":true,"href":"https:\/\/www.sudoestehoje.com.br\/novoportal\/wp-json\/wp\/v2\/categories?post=83398"},{"taxonomy":"post_tag","embeddable":true,"href":"https:\/\/www.sudoestehoje.com.br\/novoportal\/wp-json\/wp\/v2\/tags?post=83398"}],"curies":[{"name":"wp","href":"https:\/\/api.w.org\/{rel}","templated":true}]}}