
{"id":83393,"date":"2019-11-03T17:20:52","date_gmt":"2019-11-03T20:20:52","guid":{"rendered":"https:\/\/www.sudoestehoje.com.br\/novoportal\/?p=83393"},"modified":"2019-11-03T18:00:52","modified_gmt":"2019-11-03T21:00:52","slug":"inep-confirma-veracidade-de-foto-da-prova-do-enem-2019-que-circula-na-internet","status":"publish","type":"post","link":"https:\/\/www.sudoestehoje.com.br\/novoportal\/2019\/11\/03\/inep-confirma-veracidade-de-foto-da-prova-do-enem-2019-que-circula-na-internet\/","title":{"rendered":"INEP CONFIRMA VERACIDADE DE FOTO DA PROVA DO ENEM 2019 QUE CIRCULA NA INTERNET"},"content":{"rendered":"<div id=\"P_VARELA_NOTICIAS_OUTSTREAM05106733732075808\" class=\"ppIntext\" data-premium=\"\" data-adunit=\"VARELA_NOTICIAS_OUTSTREAM\" data-sizes-mobile=\"[[336,280],[300,250],[1,1]] \" data-sizes-desktop=\"[[640,360],[640,480],[580,400],[336,280],[300,250],[1,1]]\" data-type=\"outstream\" data-fetch=\"true\" data-google-query-id=\"CMXh-vr1zuUCFUNjwQodnZIIQg\">\n<div id=\"google_ads_iframe_\/75894840\/VARELA_NOTICIAS_OUTSTREAM_0__container__\"><a href=\"https:\/\/www.sudoestehoje.com.br\/novoportal\/wp-content\/uploads\/2019\/11\/enemFOTO.jpg\"><img loading=\"lazy\" decoding=\"async\" class=\"aligncenter size-medium wp-image-83395\" src=\"https:\/\/www.sudoestehoje.com.br\/novoportal\/wp-content\/uploads\/2019\/11\/enemFOTO-500x291.jpg\" alt=\"\" width=\"500\" height=\"291\" srcset=\"https:\/\/www.sudoestehoje.com.br\/novoportal\/wp-content\/uploads\/2019\/11\/enemFOTO-500x291.jpg 500w, https:\/\/www.sudoestehoje.com.br\/novoportal\/wp-content\/uploads\/2019\/11\/enemFOTO.jpg 550w\" sizes=\"auto, (max-width: 500px) 100vw, 500px\" \/><\/a><\/div>\n<\/div>\n<p>O Instituto Nacional de Estudos e Pesquisas Educacionais An\u00edsio Teixeira (Inep), divulgou na tarde deste domingo (03), primeiro dia de aplica\u00e7\u00e3o do Enem, um nota oficial onde afirmou que uma foto da prova do Exame Nacional do Ensino M\u00e9dio que circulou na internet \u00e9 real.<\/p>\n<div class=\"teads-inread teads-display sm-screen\">\n<div>\n<div class=\"teads-ui-components-label\">\u201cO Instituto Nacional de Estudos e Pesquisas Educacionais An\u00edsio Teixeira (Inep) informa que \u00e9 real a imagem da prova do Exame Nacional do Ensino M\u00e9dio (Enem) 2019 que circula nas redes sociais. \u00c9 importante esclarecer que a divulga\u00e7\u00e3o, que ocorreu ap\u00f3s o in\u00edcio da aplica\u00e7\u00e3o, n\u00e3o prejudicou o andamento do exame. Todos os participantes j\u00e1 tinham passado pelos procedimentos de seguran\u00e7a e estavam nos locais de prova.\u201d, disse a nota.<\/div>\n<div><a href=\"https:\/\/www.sudoestehoje.com.br\/novoportal\/wp-content\/uploads\/2019\/11\/foto-prova-enem-vazamento.jpg\"><img loading=\"lazy\" decoding=\"async\" class=\"aligncenter size-medium wp-image-83396\" src=\"https:\/\/www.sudoestehoje.com.br\/novoportal\/wp-content\/uploads\/2019\/11\/foto-prova-enem-vazamento-500x667.jpg\" alt=\"\" width=\"500\" height=\"667\" srcset=\"https:\/\/www.sudoestehoje.com.br\/novoportal\/wp-content\/uploads\/2019\/11\/foto-prova-enem-vazamento-500x667.jpg 500w, https:\/\/www.sudoestehoje.com.br\/novoportal\/wp-content\/uploads\/2019\/11\/foto-prova-enem-vazamento-768x1024.jpg 768w, https:\/\/www.sudoestehoje.com.br\/novoportal\/wp-content\/uploads\/2019\/11\/foto-prova-enem-vazamento-675x900.jpg 675w, https:\/\/www.sudoestehoje.com.br\/novoportal\/wp-content\/uploads\/2019\/11\/foto-prova-enem-vazamento.jpg 1000w\" sizes=\"auto, (max-width: 500px) 100vw, 500px\" \/><\/a><\/div>\n<\/div>\n<\/div>\n<p>O ministro da Educa\u00e7\u00e3o, Abraham Weintraub, destacou que o vazamento aconteceu ap\u00f3s todos os procedimento de seguran\u00e7a do exame, e por isso n\u00e3o \u00e9 necess\u00e1rio a preocupa\u00e7\u00e3o \u201cA\u00a0foto da prova \u00e9 verdadeira, por\u00e9m, foi tirada e postada ap\u00f3s o in\u00edcio do exame e da realiza\u00e7\u00e3o dos procedimentos de seguran\u00e7a. Tudo dentro da normalidade\u201d.<\/p>\n","protected":false},"excerpt":{"rendered":"<p>O Instituto Nacional de Estudos e Pesquisas Educacionais An\u00edsio Teixeira (Inep), divulgou na tarde deste domingo (03), primeiro dia de aplica\u00e7\u00e3o do Enem, um nota oficial onde afirmou que uma foto da prova do Exame Nacional do Ensino M\u00e9dio que circulou na internet \u00e9 real. \u201cO Instituto Nacional de Estudos e Pesquisas Educacionais An\u00edsio Teixeira [&hellip;]<\/p>\n","protected":false},"author":2,"featured_media":83395,"comment_status":"open","ping_status":"open","sticky":false,"template":"","format":"standard","meta":{"footnotes":"","_links_to":"","_links_to_target":""},"categories":[1],"tags":[],"class_list":["post-83393","post","type-post","status-publish","format-standard","has-post-thumbnail","hentry","category-geral"],"views":691,"_links":{"self":[{"href":"https:\/\/www.sudoestehoje.com.br\/novoportal\/wp-json\/wp\/v2\/posts\/83393","targetHints":{"allow":["GET"]}}],"collection":[{"href":"https:\/\/www.sudoestehoje.com.br\/novoportal\/wp-json\/wp\/v2\/posts"}],"about":[{"href":"https:\/\/www.sudoestehoje.com.br\/novoportal\/wp-json\/wp\/v2\/types\/post"}],"author":[{"embeddable":true,"href":"https:\/\/www.sudoestehoje.com.br\/novoportal\/wp-json\/wp\/v2\/users\/2"}],"replies":[{"embeddable":true,"href":"https:\/\/www.sudoestehoje.com.br\/novoportal\/wp-json\/wp\/v2\/comments?post=83393"}],"version-history":[{"count":2,"href":"https:\/\/www.sudoestehoje.com.br\/novoportal\/wp-json\/wp\/v2\/posts\/83393\/revisions"}],"predecessor-version":[{"id":83397,"href":"https:\/\/www.sudoestehoje.com.br\/novoportal\/wp-json\/wp\/v2\/posts\/83393\/revisions\/83397"}],"wp:featuredmedia":[{"embeddable":true,"href":"https:\/\/www.sudoestehoje.com.br\/novoportal\/wp-json\/wp\/v2\/media\/83395"}],"wp:attachment":[{"href":"https:\/\/www.sudoestehoje.com.br\/novoportal\/wp-json\/wp\/v2\/media?parent=83393"}],"wp:term":[{"taxonomy":"category","embeddable":true,"href":"https:\/\/www.sudoestehoje.com.br\/novoportal\/wp-json\/wp\/v2\/categories?post=83393"},{"taxonomy":"post_tag","embeddable":true,"href":"https:\/\/www.sudoestehoje.com.br\/novoportal\/wp-json\/wp\/v2\/tags?post=83393"}],"curies":[{"name":"wp","href":"https:\/\/api.w.org\/{rel}","templated":true}]}}