
{"id":83387,"date":"2019-11-03T11:28:31","date_gmt":"2019-11-03T14:28:31","guid":{"rendered":"https:\/\/www.sudoestehoje.com.br\/novoportal\/?p=83387"},"modified":"2019-11-03T11:28:31","modified_gmt":"2019-11-03T14:28:31","slug":"enem-comeca-neste-domingo-com-provas-de-redacao-ciencias-humanas-e-linguagens","status":"publish","type":"post","link":"https:\/\/www.sudoestehoje.com.br\/novoportal\/2019\/11\/03\/enem-comeca-neste-domingo-com-provas-de-redacao-ciencias-humanas-e-linguagens\/","title":{"rendered":"ENEM COME\u00c7A NESTE DOMINGO COM PROVAS DE REDA\u00c7\u00c3O, CI\u00caNCIAS HUMANAS E LINGUAGENS"},"content":{"rendered":"<p><a href=\"https:\/\/www.sudoestehoje.com.br\/novoportal\/wp-content\/uploads\/2019\/11\/enem-2019.jpg\"><img loading=\"lazy\" decoding=\"async\" class=\"aligncenter size-medium wp-image-83388\" src=\"https:\/\/www.sudoestehoje.com.br\/novoportal\/wp-content\/uploads\/2019\/11\/enem-2019-500x313.jpg\" alt=\"\" width=\"500\" height=\"313\" srcset=\"https:\/\/www.sudoestehoje.com.br\/novoportal\/wp-content\/uploads\/2019\/11\/enem-2019-500x313.jpg 500w, https:\/\/www.sudoestehoje.com.br\/novoportal\/wp-content\/uploads\/2019\/11\/enem-2019-768x480.jpg 768w, https:\/\/www.sudoestehoje.com.br\/novoportal\/wp-content\/uploads\/2019\/11\/enem-2019-700x438.jpg 700w, https:\/\/www.sudoestehoje.com.br\/novoportal\/wp-content\/uploads\/2019\/11\/enem-2019.jpg 900w\" sizes=\"auto, (max-width: 500px) 100vw, 500px\" \/><\/a><\/p>\n<p>O Exame Nacional do Ensino M\u00e9dio (<a href=\"https:\/\/g1.globo.com\/educacao\/enem\/2019\/\">Enem<\/a>) de 2019 come\u00e7a neste domingo a partir das 13h30 (hor\u00e1rio de Bras\u00edlia), para 5.095.308 candidatos.<\/p>\n<p>\u00c9 o menor n\u00famero de inscritos desde 2010 e, segundo o Instituto Nacional de Estudos e Pesquisas Educacionais An\u00edsio Teixeira (<a href=\"https:\/\/g1.globo.com\/tudo-sobre\/inep\/\">Inep<\/a>), mais de 4,5 milh\u00f5es deles j\u00e1 haviam checado seu local de provas at\u00e9 as 17h30 de s\u00e1bado (2).\u00a0Isso quer dizer que 11% dos candidatos ainda n\u00e3o sabiam onde fariam as provas at\u00e9 aquele hor\u00e1rio.<\/p>\n<p>Os port\u00f5es fecham \u00e0s 13h de Bras\u00edlia e as provas do primeiro dia ser\u00e3o de reda\u00e7\u00e3o, linguagens e ci\u00eancias humanas.<\/p>\n","protected":false},"excerpt":{"rendered":"<p>O Exame Nacional do Ensino M\u00e9dio (Enem) de 2019 come\u00e7a neste domingo a partir das 13h30 (hor\u00e1rio de Bras\u00edlia), para 5.095.308 candidatos. \u00c9 o menor n\u00famero de inscritos desde 2010 e, segundo o Instituto Nacional de Estudos e Pesquisas Educacionais An\u00edsio Teixeira (Inep), mais de 4,5 milh\u00f5es deles j\u00e1 haviam checado seu local de provas [&hellip;]<\/p>\n","protected":false},"author":2,"featured_media":83388,"comment_status":"open","ping_status":"open","sticky":false,"template":"","format":"standard","meta":{"footnotes":"","_links_to":"","_links_to_target":""},"categories":[1],"tags":[],"class_list":["post-83387","post","type-post","status-publish","format-standard","has-post-thumbnail","hentry","category-geral"],"views":743,"_links":{"self":[{"href":"https:\/\/www.sudoestehoje.com.br\/novoportal\/wp-json\/wp\/v2\/posts\/83387","targetHints":{"allow":["GET"]}}],"collection":[{"href":"https:\/\/www.sudoestehoje.com.br\/novoportal\/wp-json\/wp\/v2\/posts"}],"about":[{"href":"https:\/\/www.sudoestehoje.com.br\/novoportal\/wp-json\/wp\/v2\/types\/post"}],"author":[{"embeddable":true,"href":"https:\/\/www.sudoestehoje.com.br\/novoportal\/wp-json\/wp\/v2\/users\/2"}],"replies":[{"embeddable":true,"href":"https:\/\/www.sudoestehoje.com.br\/novoportal\/wp-json\/wp\/v2\/comments?post=83387"}],"version-history":[{"count":1,"href":"https:\/\/www.sudoestehoje.com.br\/novoportal\/wp-json\/wp\/v2\/posts\/83387\/revisions"}],"predecessor-version":[{"id":83389,"href":"https:\/\/www.sudoestehoje.com.br\/novoportal\/wp-json\/wp\/v2\/posts\/83387\/revisions\/83389"}],"wp:featuredmedia":[{"embeddable":true,"href":"https:\/\/www.sudoestehoje.com.br\/novoportal\/wp-json\/wp\/v2\/media\/83388"}],"wp:attachment":[{"href":"https:\/\/www.sudoestehoje.com.br\/novoportal\/wp-json\/wp\/v2\/media?parent=83387"}],"wp:term":[{"taxonomy":"category","embeddable":true,"href":"https:\/\/www.sudoestehoje.com.br\/novoportal\/wp-json\/wp\/v2\/categories?post=83387"},{"taxonomy":"post_tag","embeddable":true,"href":"https:\/\/www.sudoestehoje.com.br\/novoportal\/wp-json\/wp\/v2\/tags?post=83387"}],"curies":[{"name":"wp","href":"https:\/\/api.w.org\/{rel}","templated":true}]}}