
{"id":83356,"date":"2019-11-02T12:34:03","date_gmt":"2019-11-02T15:34:03","guid":{"rendered":"https:\/\/www.sudoestehoje.com.br\/novoportal\/?p=83356"},"modified":"2019-11-02T13:06:31","modified_gmt":"2019-11-02T16:06:31","slug":"ex-deputado-heraldo-rocha-continua-de-olho-na-prefeitura-de-macarani","status":"publish","type":"post","link":"https:\/\/www.sudoestehoje.com.br\/novoportal\/2019\/11\/02\/ex-deputado-heraldo-rocha-continua-de-olho-na-prefeitura-de-macarani\/","title":{"rendered":"EX-DEPUTADO HERALDO ROCHA CONTINUA DE OLHO NA PREFEITURA DE MACARANI"},"content":{"rendered":"<p><a href=\"https:\/\/www.sudoestehoje.com.br\/novoportal\/wp-content\/uploads\/2019\/11\/HERALDO-MACARANI.jpg\"><img loading=\"lazy\" decoding=\"async\" class=\"aligncenter size-medium wp-image-83359\" src=\"https:\/\/www.sudoestehoje.com.br\/novoportal\/wp-content\/uploads\/2019\/11\/HERALDO-MACARANI-500x359.jpg\" alt=\"\" width=\"500\" height=\"359\" srcset=\"https:\/\/www.sudoestehoje.com.br\/novoportal\/wp-content\/uploads\/2019\/11\/HERALDO-MACARANI-500x359.jpg 500w, https:\/\/www.sudoestehoje.com.br\/novoportal\/wp-content\/uploads\/2019\/11\/HERALDO-MACARANI.jpg 540w\" sizes=\"auto, (max-width: 500px) 100vw, 500px\" \/><\/a><\/p>\n<p>Nas redes sociais, o ex-deputado estadual pelo Democratas, Heraldo Rocha, vem postando, reiteradamente, mat\u00e9rias de jornais de Salvador e declara\u00e7\u00f5es dando conta de uma suposta candidatura a prefeito de Macarani, em 2020.<\/p>\n<p>Neste s\u00e1bado, uma nota foi postada na coluna pol\u00edtica do jornalista Levi Vasconcelos, no Jornal A Tarde On Line, o ex-deputado voltou \u00e0 carga, se apresentando com prov\u00e1vel candidato: <span style=\"color: #0000ff;\"><strong><a style=\"color: #0000ff;\" href=\"http:\/\/atarde.uol.com.br\/coluna\/levivasconcelos\/2104686-ate-parece-que-o-melhor-para-os-bolsonaro-seria-mesmo-a-ditadura-premium\">CONFIRA NA COLUNA:<\/a><\/strong><\/span><\/p>\n<p><strong><em>&#8220;HERALDO ROCHA MIRA MACARANI<\/em><\/strong><\/p>\n<p><a href=\"https:\/\/www.sudoestehoje.com.br\/novoportal\/wp-content\/uploads\/2019\/11\/HERALDO-COLUNA-LEVY.jpg\"><img loading=\"lazy\" decoding=\"async\" class=\"aligncenter size-medium wp-image-83360\" src=\"https:\/\/www.sudoestehoje.com.br\/novoportal\/wp-content\/uploads\/2019\/11\/HERALDO-COLUNA-LEVY-500x441.jpg\" alt=\"\" width=\"500\" height=\"441\" srcset=\"https:\/\/www.sudoestehoje.com.br\/novoportal\/wp-content\/uploads\/2019\/11\/HERALDO-COLUNA-LEVY-500x441.jpg 500w, https:\/\/www.sudoestehoje.com.br\/novoportal\/wp-content\/uploads\/2019\/11\/HERALDO-COLUNA-LEVY-768x677.jpg 768w, https:\/\/www.sudoestehoje.com.br\/novoportal\/wp-content\/uploads\/2019\/11\/HERALDO-COLUNA-LEVY-700x617.jpg 700w, https:\/\/www.sudoestehoje.com.br\/novoportal\/wp-content\/uploads\/2019\/11\/HERALDO-COLUNA-LEVY.jpg 960w\" sizes=\"auto, (max-width: 500px) 100vw, 500px\" \/><\/a><\/p>\n<p><strong><em>Deputado estadual por cinco mandatos, de 1991 a 2011, o m\u00e9dico Heraldo Rocha, aos 77 anos, est\u00e1 se preparando para entrar firme na briga pol\u00edtica de 2020.<\/em><\/strong><\/p>\n<p><strong><em>Heraldo \u00e9 carioca de Itaperuna, que cedo adotou a Bahia. Est\u00e1 de olho na prefeitura de Macarani, no sudoeste, na divisa com Minas, onde sempre teve grande atua\u00e7\u00e3o nos seus tempos de deputado.<\/em><\/strong><\/p>\n<p><strong><em>\u2013 Os amigos l\u00e1 est\u00e3o querendo. Estou avaliando.&#8221;\u00a0<\/em><\/strong><\/p>\n<p>A costura pol\u00edtica para escolha de uma candidatura de oposi\u00e7\u00e3o ao prefeito Miller Ferraz, em Macarani, \u00e9 complicada, j\u00e1 que lideran\u00e7as antigas, a exemplo do ex-prefeito Nogueira, n\u00e3o aceitam abrir m\u00e3o dos seus pr\u00f3prios nomes em favor de Heraldo, que apesar de ter sido um bom deputado para a regi\u00e3o, \u00e9 tido como &#8220;forasteiro&#8221; e tem domic\u00edlio eleitoral em Salvador.<\/p>\n<p>Nogueira j\u00e1 se pronunciou sobre esse tema e a coisa fedeu&#8230;<\/p>\n<p><strong><em>Por Davi Ferraz<\/em><\/strong><\/p>\n","protected":false},"excerpt":{"rendered":"<p>Nas redes sociais, o ex-deputado estadual pelo Democratas, Heraldo Rocha, vem postando, reiteradamente, mat\u00e9rias de jornais de Salvador e declara\u00e7\u00f5es dando conta de uma suposta candidatura a prefeito de Macarani, em 2020. Neste s\u00e1bado, uma nota foi postada na coluna pol\u00edtica do jornalista Levi Vasconcelos, no Jornal A Tarde On Line, o ex-deputado voltou \u00e0 [&hellip;]<\/p>\n","protected":false},"author":2,"featured_media":83359,"comment_status":"open","ping_status":"open","sticky":false,"template":"","format":"standard","meta":{"footnotes":"","_links_to":"","_links_to_target":""},"categories":[1],"tags":[],"class_list":["post-83356","post","type-post","status-publish","format-standard","has-post-thumbnail","hentry","category-geral"],"views":904,"_links":{"self":[{"href":"https:\/\/www.sudoestehoje.com.br\/novoportal\/wp-json\/wp\/v2\/posts\/83356","targetHints":{"allow":["GET"]}}],"collection":[{"href":"https:\/\/www.sudoestehoje.com.br\/novoportal\/wp-json\/wp\/v2\/posts"}],"about":[{"href":"https:\/\/www.sudoestehoje.com.br\/novoportal\/wp-json\/wp\/v2\/types\/post"}],"author":[{"embeddable":true,"href":"https:\/\/www.sudoestehoje.com.br\/novoportal\/wp-json\/wp\/v2\/users\/2"}],"replies":[{"embeddable":true,"href":"https:\/\/www.sudoestehoje.com.br\/novoportal\/wp-json\/wp\/v2\/comments?post=83356"}],"version-history":[{"count":6,"href":"https:\/\/www.sudoestehoje.com.br\/novoportal\/wp-json\/wp\/v2\/posts\/83356\/revisions"}],"predecessor-version":[{"id":83364,"href":"https:\/\/www.sudoestehoje.com.br\/novoportal\/wp-json\/wp\/v2\/posts\/83356\/revisions\/83364"}],"wp:featuredmedia":[{"embeddable":true,"href":"https:\/\/www.sudoestehoje.com.br\/novoportal\/wp-json\/wp\/v2\/media\/83359"}],"wp:attachment":[{"href":"https:\/\/www.sudoestehoje.com.br\/novoportal\/wp-json\/wp\/v2\/media?parent=83356"}],"wp:term":[{"taxonomy":"category","embeddable":true,"href":"https:\/\/www.sudoestehoje.com.br\/novoportal\/wp-json\/wp\/v2\/categories?post=83356"},{"taxonomy":"post_tag","embeddable":true,"href":"https:\/\/www.sudoestehoje.com.br\/novoportal\/wp-json\/wp\/v2\/tags?post=83356"}],"curies":[{"name":"wp","href":"https:\/\/api.w.org\/{rel}","templated":true}]}}