
{"id":83342,"date":"2019-10-31T18:20:10","date_gmt":"2019-10-31T21:20:10","guid":{"rendered":"https:\/\/www.sudoestehoje.com.br\/novoportal\/?p=83342"},"modified":"2019-11-01T00:33:09","modified_gmt":"2019-11-01T03:33:09","slug":"tj-nega-pedido-do-vereador-diga-diga-para-anular-processo-de-cassacao-do-seu-mandato","status":"publish","type":"post","link":"https:\/\/www.sudoestehoje.com.br\/novoportal\/2019\/10\/31\/tj-nega-pedido-do-vereador-diga-diga-para-anular-processo-de-cassacao-do-seu-mandato\/","title":{"rendered":"TJ NEGA PEDIDO DO VEREADOR DIGA DIGA PARA ANULAR PROCESSO DE CASSA\u00c7\u00c3O DO SEU MANDATO"},"content":{"rendered":"<p><a href=\"https:\/\/www.sudoestehoje.com.br\/novoportal\/wp-content\/uploads\/2019\/10\/CUSPIU-2.jpg\"><img loading=\"lazy\" decoding=\"async\" class=\"aligncenter size-medium wp-image-83345\" src=\"https:\/\/www.sudoestehoje.com.br\/novoportal\/wp-content\/uploads\/2019\/10\/CUSPIU-2-500x310.jpg\" alt=\"\" width=\"500\" height=\"310\" srcset=\"https:\/\/www.sudoestehoje.com.br\/novoportal\/wp-content\/uploads\/2019\/10\/CUSPIU-2-500x310.jpg 500w, https:\/\/www.sudoestehoje.com.br\/novoportal\/wp-content\/uploads\/2019\/10\/CUSPIU-2-700x434.jpg 700w, https:\/\/www.sudoestehoje.com.br\/novoportal\/wp-content\/uploads\/2019\/10\/CUSPIU-2.jpg 751w\" sizes=\"auto, (max-width: 500px) 100vw, 500px\" \/><\/a><\/p>\n<p>A 5\u00aa C\u00e2mara C\u00edvel do Tribunal de Justi\u00e7a da Bahia (TJ) negou, nesta quinta-feira (31), o pedido de liminar do vereador <strong><em>Diego Rodrigues, o &#8216;Diga Diga&#8217;<\/em><\/strong>, que pretendia anular a Comiss\u00e3o Processante da C\u00e2mara de Vereadores de Itapetinga, formada para apurar <strong><em>den\u00fancia de quebra de decoro parlamentar<\/em><\/strong>, por ter <strong><em>cuspido no rosto de um eleitor<\/em> <\/strong>do munic\u00edpio, no recinto da C\u00e2mara Municipal.<\/p>\n<p>O pedido de liminar do vereador foi formulado atrav\u00e9s de um recurso denominado &#8216;Agravo de Instrumento&#8217;, dirigido ao TJ, contra a decis\u00e3o do Juiz da 1\u00aa Vara C\u00edvel de Itapetinga, que j\u00e1 havia lhe negado pedido id\u00eantico, em processo de Mandado de Seguran\u00e7a contra a presid\u00eancia da C\u00e2mara Municipal.<\/p>\n<p>Com a decis\u00e3o da Desembargadora sorteada como relatora do Agravo, o vereador Diga Diga responder\u00e1 pelo seu ato no exerc\u00edcio do mandato, mas corre o risco de ter o seu mandato cassado pelo Plen\u00e1rio da C\u00e2mara, caso o parecer final do Relator da Comiss\u00e3o Processante seja em seu desfavor, e for aceito\u00a0 e ratificado pela maioria absoluta dos vereadores.<\/p>\n<p>O prazo da Comiss\u00e3o \u00e9 de 90 dias e encerra em meados de dezembro, com o veredicto a favor ou contra o edil acusado de falta de decoro.<\/p>\n<p>AGUARDE \u00cdNTEGRA DA DECIS\u00c3O.<\/p>\n<p><strong><em>Por Davi Ferraz<\/em><\/strong><\/p>\n","protected":false},"excerpt":{"rendered":"<p>A 5\u00aa C\u00e2mara C\u00edvel do Tribunal de Justi\u00e7a da Bahia (TJ) negou, nesta quinta-feira (31), o pedido de liminar do vereador Diego Rodrigues, o &#8216;Diga Diga&#8217;, que pretendia anular a Comiss\u00e3o Processante da C\u00e2mara de Vereadores de Itapetinga, formada para apurar den\u00fancia de quebra de decoro parlamentar, por ter cuspido no rosto de um eleitor [&hellip;]<\/p>\n","protected":false},"author":2,"featured_media":83345,"comment_status":"open","ping_status":"open","sticky":false,"template":"","format":"standard","meta":{"footnotes":"","_links_to":"","_links_to_target":""},"categories":[1],"tags":[],"class_list":["post-83342","post","type-post","status-publish","format-standard","has-post-thumbnail","hentry","category-geral"],"views":851,"_links":{"self":[{"href":"https:\/\/www.sudoestehoje.com.br\/novoportal\/wp-json\/wp\/v2\/posts\/83342","targetHints":{"allow":["GET"]}}],"collection":[{"href":"https:\/\/www.sudoestehoje.com.br\/novoportal\/wp-json\/wp\/v2\/posts"}],"about":[{"href":"https:\/\/www.sudoestehoje.com.br\/novoportal\/wp-json\/wp\/v2\/types\/post"}],"author":[{"embeddable":true,"href":"https:\/\/www.sudoestehoje.com.br\/novoportal\/wp-json\/wp\/v2\/users\/2"}],"replies":[{"embeddable":true,"href":"https:\/\/www.sudoestehoje.com.br\/novoportal\/wp-json\/wp\/v2\/comments?post=83342"}],"version-history":[{"count":6,"href":"https:\/\/www.sudoestehoje.com.br\/novoportal\/wp-json\/wp\/v2\/posts\/83342\/revisions"}],"predecessor-version":[{"id":83352,"href":"https:\/\/www.sudoestehoje.com.br\/novoportal\/wp-json\/wp\/v2\/posts\/83342\/revisions\/83352"}],"wp:featuredmedia":[{"embeddable":true,"href":"https:\/\/www.sudoestehoje.com.br\/novoportal\/wp-json\/wp\/v2\/media\/83345"}],"wp:attachment":[{"href":"https:\/\/www.sudoestehoje.com.br\/novoportal\/wp-json\/wp\/v2\/media?parent=83342"}],"wp:term":[{"taxonomy":"category","embeddable":true,"href":"https:\/\/www.sudoestehoje.com.br\/novoportal\/wp-json\/wp\/v2\/categories?post=83342"},{"taxonomy":"post_tag","embeddable":true,"href":"https:\/\/www.sudoestehoje.com.br\/novoportal\/wp-json\/wp\/v2\/tags?post=83342"}],"curies":[{"name":"wp","href":"https:\/\/api.w.org\/{rel}","templated":true}]}}