
{"id":83331,"date":"2019-10-31T00:46:22","date_gmt":"2019-10-31T03:46:22","guid":{"rendered":"https:\/\/www.sudoestehoje.com.br\/novoportal\/?p=83331"},"modified":"2019-10-31T00:46:22","modified_gmt":"2019-10-31T03:46:22","slug":"itapetinga-camara-aprova-projeto-que-regulariza-area-para-implantacao-do-atacadista-assai","status":"publish","type":"post","link":"https:\/\/www.sudoestehoje.com.br\/novoportal\/2019\/10\/31\/itapetinga-camara-aprova-projeto-que-regulariza-area-para-implantacao-do-atacadista-assai\/","title":{"rendered":"ITAPETINGA: C\u00c2MARA APROVA PROJETO QUE REGULARIZA \u00c1REA PARA IMPLANTA\u00c7\u00c3O DO ATACADISTA ASSA\u00cd"},"content":{"rendered":"<p><a href=\"https:\/\/www.sudoestehoje.com.br\/novoportal\/wp-content\/uploads\/2019\/10\/camara-5.jpg\"><img loading=\"lazy\" decoding=\"async\" class=\"aligncenter size-medium wp-image-83338\" src=\"https:\/\/www.sudoestehoje.com.br\/novoportal\/wp-content\/uploads\/2019\/10\/camara-5-500x375.jpg\" alt=\"\" width=\"500\" height=\"375\" srcset=\"https:\/\/www.sudoestehoje.com.br\/novoportal\/wp-content\/uploads\/2019\/10\/camara-5-500x375.jpg 500w, https:\/\/www.sudoestehoje.com.br\/novoportal\/wp-content\/uploads\/2019\/10\/camara-5-768x576.jpg 768w, https:\/\/www.sudoestehoje.com.br\/novoportal\/wp-content\/uploads\/2019\/10\/camara-5-700x525.jpg 700w, https:\/\/www.sudoestehoje.com.br\/novoportal\/wp-content\/uploads\/2019\/10\/camara-5.jpg 960w\" sizes=\"auto, (max-width: 500px) 100vw, 500px\" \/><\/a><\/p>\n<p>Com os votos de todos os vereadores que comp\u00f5em a C\u00e2mara Municipal, foi aprovado o Projeto de Lei n\u00ba 028\/2019, que regulariza a \u00e1rea urbana onde est\u00e1 sendo edificado o Atacadista Assa\u00ed, no bairro Recanto da Colina, em Itapetinga.<\/p>\n<p>Apesar de ter sido adquirida em m\u00e3os de empres\u00e1rios locais, uma pequena parte do terreno constitu\u00eda a \u00e1rea institucional do loteamento, tornando-se necess\u00e1rio a sua incorpora\u00e7\u00e3o \u00e0 \u00e1rea total adquirida pelo Assa\u00ed.<\/p>\n<p>Visando a regulariza\u00e7\u00e3o do im\u00f3vel, o munic\u00edpio, com a devida autoriza\u00e7\u00e3o legislativa, vai celebrar a permuta da referida \u00e1rea por outra localizada nas proximidades do Centro Industrial de Itapetinga, com dimens\u00f5es equivalentes.<\/p>\n<p><a href=\"https:\/\/www.sudoestehoje.com.br\/novoportal\/wp-content\/uploads\/2019\/10\/camara-3.jpg\"><img loading=\"lazy\" decoding=\"async\" class=\"aligncenter size-medium wp-image-83336\" src=\"https:\/\/www.sudoestehoje.com.br\/novoportal\/wp-content\/uploads\/2019\/10\/camara-3-500x375.jpg\" alt=\"\" width=\"500\" height=\"375\" srcset=\"https:\/\/www.sudoestehoje.com.br\/novoportal\/wp-content\/uploads\/2019\/10\/camara-3-500x375.jpg 500w, https:\/\/www.sudoestehoje.com.br\/novoportal\/wp-content\/uploads\/2019\/10\/camara-3-768x576.jpg 768w, https:\/\/www.sudoestehoje.com.br\/novoportal\/wp-content\/uploads\/2019\/10\/camara-3-700x525.jpg 700w, https:\/\/www.sudoestehoje.com.br\/novoportal\/wp-content\/uploads\/2019\/10\/camara-3.jpg 960w\" sizes=\"auto, (max-width: 500px) 100vw, 500px\" \/><\/a><\/p>\n<p>Para aprova\u00e7\u00e3o do projeto, a Mesa Diretora da C\u00e2mara e os interessados atuaram para convencimento dos vereadores, inclusive os da oposi\u00e7\u00e3o, que entenderam a relev\u00e2ncia da quest\u00e3o e aprovaram o Projeto do Executivo, por unanimidade.<\/p>\n<p>A presidente do Poder Legislativo, Naara Duarte, atuou com efici\u00eancia para que o projeto tramitasse com a devida prioridade, fator decisivo da sua aprova\u00e7\u00e3o.<\/p>\n<p><em>&#8220;\u00c9 nosso dever, como representantes da popula\u00e7\u00e3o, atuar de forma eficaz e com boa vontade para atrair novas empresas para o munic\u00edpio, a exemplo do Assa\u00ed, que trar\u00e1 novos postos de trabalho, divisas e prest\u00edgio para Itapetinga. A c\u00e2mara de Itapetinga, em nossa gest\u00e3o, sempre atua de forma decisiva, quando requisitada.&#8221;<\/em>, comentou a presidente Naara Duarte.<\/p>\n\n\t\t<style type=\"text\/css\">\n\t\t\t#gallery-1 {\n\t\t\t\tmargin: auto;\n\t\t\t}\n\t\t\t#gallery-1 .gallery-item {\n\t\t\t\tfloat: left;\n\t\t\t\tmargin-top: 10px;\n\t\t\t\ttext-align: center;\n\t\t\t\twidth: 33%;\n\t\t\t}\n\t\t\t#gallery-1 img {\n\t\t\t\tborder: 2px solid #cfcfcf;\n\t\t\t}\n\t\t\t#gallery-1 .gallery-caption {\n\t\t\t\tmargin-left: 0;\n\t\t\t}\n\t\t\t\/* see gallery_shortcode() in wp-includes\/media.php *\/\n\t\t<\/style>\n\t\t<div id='gallery-1' class='gallery galleryid-83331 gallery-columns-3 gallery-size-thumbnail'><dl class='gallery-item'>\n\t\t\t<dt class='gallery-icon landscape'>\n\t\t\t\t<a href='https:\/\/www.sudoestehoje.com.br\/novoportal\/2019\/10\/31\/itapetinga-camara-aprova-projeto-que-regulariza-area-para-implantacao-do-atacadista-assai\/camara-6-2\/'><img loading=\"lazy\" decoding=\"async\" width=\"150\" height=\"150\" src=\"https:\/\/www.sudoestehoje.com.br\/novoportal\/wp-content\/uploads\/2019\/10\/camara-6-150x150.jpg\" class=\"attachment-thumbnail size-thumbnail\" alt=\"\" \/><\/a>\n\t\t\t<\/dt><\/dl><dl class='gallery-item'>\n\t\t\t<dt class='gallery-icon landscape'>\n\t\t\t\t<a href='https:\/\/www.sudoestehoje.com.br\/novoportal\/2019\/10\/31\/itapetinga-camara-aprova-projeto-que-regulariza-area-para-implantacao-do-atacadista-assai\/camara-4-2\/'><img loading=\"lazy\" decoding=\"async\" width=\"150\" height=\"150\" src=\"https:\/\/www.sudoestehoje.com.br\/novoportal\/wp-content\/uploads\/2019\/10\/camara-4-150x150.jpg\" class=\"attachment-thumbnail size-thumbnail\" alt=\"\" \/><\/a>\n\t\t\t<\/dt><\/dl><dl class='gallery-item'>\n\t\t\t<dt class='gallery-icon landscape'>\n\t\t\t\t<a href='https:\/\/www.sudoestehoje.com.br\/novoportal\/2019\/10\/31\/itapetinga-camara-aprova-projeto-que-regulariza-area-para-implantacao-do-atacadista-assai\/camara-2-2\/'><img loading=\"lazy\" decoding=\"async\" width=\"150\" height=\"150\" src=\"https:\/\/www.sudoestehoje.com.br\/novoportal\/wp-content\/uploads\/2019\/10\/camara-2-150x150.jpg\" class=\"attachment-thumbnail size-thumbnail\" alt=\"\" \/><\/a>\n\t\t\t<\/dt><\/dl><br style=\"clear: both\" \/>\n\t\t<\/div>\n\n<p><strong><em>Por Davi Ferraz\u00a0<\/em><\/strong><\/p>\n","protected":false},"excerpt":{"rendered":"<p>Com os votos de todos os vereadores que comp\u00f5em a C\u00e2mara Municipal, foi aprovado o Projeto de Lei n\u00ba 028\/2019, que regulariza a \u00e1rea urbana onde est\u00e1 sendo edificado o Atacadista Assa\u00ed, no bairro Recanto da Colina, em Itapetinga. Apesar de ter sido adquirida em m\u00e3os de empres\u00e1rios locais, uma pequena parte do terreno constitu\u00eda [&hellip;]<\/p>\n","protected":false},"author":2,"featured_media":83338,"comment_status":"open","ping_status":"open","sticky":false,"template":"","format":"standard","meta":{"footnotes":"","_links_to":"","_links_to_target":""},"categories":[1],"tags":[],"class_list":["post-83331","post","type-post","status-publish","format-standard","has-post-thumbnail","hentry","category-geral"],"views":966,"_links":{"self":[{"href":"https:\/\/www.sudoestehoje.com.br\/novoportal\/wp-json\/wp\/v2\/posts\/83331","targetHints":{"allow":["GET"]}}],"collection":[{"href":"https:\/\/www.sudoestehoje.com.br\/novoportal\/wp-json\/wp\/v2\/posts"}],"about":[{"href":"https:\/\/www.sudoestehoje.com.br\/novoportal\/wp-json\/wp\/v2\/types\/post"}],"author":[{"embeddable":true,"href":"https:\/\/www.sudoestehoje.com.br\/novoportal\/wp-json\/wp\/v2\/users\/2"}],"replies":[{"embeddable":true,"href":"https:\/\/www.sudoestehoje.com.br\/novoportal\/wp-json\/wp\/v2\/comments?post=83331"}],"version-history":[{"count":4,"href":"https:\/\/www.sudoestehoje.com.br\/novoportal\/wp-json\/wp\/v2\/posts\/83331\/revisions"}],"predecessor-version":[{"id":83341,"href":"https:\/\/www.sudoestehoje.com.br\/novoportal\/wp-json\/wp\/v2\/posts\/83331\/revisions\/83341"}],"wp:featuredmedia":[{"embeddable":true,"href":"https:\/\/www.sudoestehoje.com.br\/novoportal\/wp-json\/wp\/v2\/media\/83338"}],"wp:attachment":[{"href":"https:\/\/www.sudoestehoje.com.br\/novoportal\/wp-json\/wp\/v2\/media?parent=83331"}],"wp:term":[{"taxonomy":"category","embeddable":true,"href":"https:\/\/www.sudoestehoje.com.br\/novoportal\/wp-json\/wp\/v2\/categories?post=83331"},{"taxonomy":"post_tag","embeddable":true,"href":"https:\/\/www.sudoestehoje.com.br\/novoportal\/wp-json\/wp\/v2\/tags?post=83331"}],"curies":[{"name":"wp","href":"https:\/\/api.w.org\/{rel}","templated":true}]}}