
{"id":83300,"date":"2019-10-30T10:33:26","date_gmt":"2019-10-30T13:33:26","guid":{"rendered":"https:\/\/www.sudoestehoje.com.br\/novoportal\/?p=83300"},"modified":"2019-10-30T10:41:08","modified_gmt":"2019-10-30T13:41:08","slug":"por-alguns-trocados-desempregados-dao-manutencao-na-estrada-de-macarani","status":"publish","type":"post","link":"https:\/\/www.sudoestehoje.com.br\/novoportal\/2019\/10\/30\/por-alguns-trocados-desempregados-dao-manutencao-na-estrada-de-macarani\/","title":{"rendered":"POR ALGUNS TROCADOS, DESEMPREGADOS D\u00c3O &#8216;MANUTEN\u00c7\u00c3O&#8217; \u00c0 ESTRADA DE MACARANI"},"content":{"rendered":"<p><a href=\"https:\/\/www.sudoestehoje.com.br\/novoportal\/wp-content\/uploads\/2019\/10\/estrada-macarani-1.jpg\"><img loading=\"lazy\" decoding=\"async\" class=\"aligncenter size-medium wp-image-83304\" src=\"https:\/\/www.sudoestehoje.com.br\/novoportal\/wp-content\/uploads\/2019\/10\/estrada-macarani-1-500x375.jpg\" alt=\"\" width=\"500\" height=\"375\" srcset=\"https:\/\/www.sudoestehoje.com.br\/novoportal\/wp-content\/uploads\/2019\/10\/estrada-macarani-1-500x375.jpg 500w, https:\/\/www.sudoestehoje.com.br\/novoportal\/wp-content\/uploads\/2019\/10\/estrada-macarani-1-768x576.jpg 768w, https:\/\/www.sudoestehoje.com.br\/novoportal\/wp-content\/uploads\/2019\/10\/estrada-macarani-1-700x525.jpg 700w, https:\/\/www.sudoestehoje.com.br\/novoportal\/wp-content\/uploads\/2019\/10\/estrada-macarani-1.jpg 960w\" sizes=\"auto, (max-width: 500px) 100vw, 500px\" \/><\/a><\/p>\n<p>Com o total abandono das rodovias estaduais na regi\u00e3o M\u00e9dio Sudoeste, alguns moradores desempregados de Itapetinga e Macarani t\u00eam buscado alguma renda tapando os buracos da Rodovia BA-270, no trecho que liga as duas cidades.<\/p>\n<p><a href=\"https:\/\/www.sudoestehoje.com.br\/novoportal\/wp-content\/uploads\/2019\/10\/estrada-macarani-3.jpg\"><img loading=\"lazy\" decoding=\"async\" class=\"aligncenter size-medium wp-image-83307\" src=\"https:\/\/www.sudoestehoje.com.br\/novoportal\/wp-content\/uploads\/2019\/10\/estrada-macarani-3-500x375.jpg\" alt=\"\" width=\"500\" height=\"375\" srcset=\"https:\/\/www.sudoestehoje.com.br\/novoportal\/wp-content\/uploads\/2019\/10\/estrada-macarani-3-500x375.jpg 500w, https:\/\/www.sudoestehoje.com.br\/novoportal\/wp-content\/uploads\/2019\/10\/estrada-macarani-3-768x576.jpg 768w, https:\/\/www.sudoestehoje.com.br\/novoportal\/wp-content\/uploads\/2019\/10\/estrada-macarani-3-700x525.jpg 700w, https:\/\/www.sudoestehoje.com.br\/novoportal\/wp-content\/uploads\/2019\/10\/estrada-macarani-3.jpg 960w\" sizes=\"auto, (max-width: 500px) 100vw, 500px\" \/><\/a><\/p>\n<p>A recupera\u00e7\u00e3o da rodovia j\u00e1 foi objeto de in\u00fameras promessas do governador Rui Costa, a \u00faltima delas na inaugura\u00e7\u00e3o da obra incompleta da mesma rodovia, entre Itarantim e Maiquinique, em abril deste ano.<\/p>\n<p>Naquela oportunidade, o governador garantiu que as obras iniciariam no dia seguinte, mas nada aconteceu, desde aquela \u00e9poca.<\/p>\n<p><a href=\"https:\/\/www.sudoestehoje.com.br\/novoportal\/wp-content\/uploads\/2019\/10\/estrada-macarani-4.jpg\"><img loading=\"lazy\" decoding=\"async\" class=\"aligncenter size-medium wp-image-83308\" src=\"https:\/\/www.sudoestehoje.com.br\/novoportal\/wp-content\/uploads\/2019\/10\/estrada-macarani-4-500x293.jpg\" alt=\"\" width=\"500\" height=\"293\" srcset=\"https:\/\/www.sudoestehoje.com.br\/novoportal\/wp-content\/uploads\/2019\/10\/estrada-macarani-4-500x293.jpg 500w, https:\/\/www.sudoestehoje.com.br\/novoportal\/wp-content\/uploads\/2019\/10\/estrada-macarani-4-768x450.jpg 768w, https:\/\/www.sudoestehoje.com.br\/novoportal\/wp-content\/uploads\/2019\/10\/estrada-macarani-4-700x411.jpg 700w, https:\/\/www.sudoestehoje.com.br\/novoportal\/wp-content\/uploads\/2019\/10\/estrada-macarani-4.jpg 960w\" sizes=\"auto, (max-width: 500px) 100vw, 500px\" \/><\/a><\/p>\n<p>Enquanto o governo &#8216;pisa na bola&#8217; com a regi\u00e3o, h\u00e1 quem se aproveite da situa\u00e7\u00e3o para ganhar alguns trocados e matar a fome.<\/p>\n<p>Que vergonha&#8230;<\/p>\n<p><strong><em>Por Davi Ferraz<\/em><\/strong><\/p>\n","protected":false},"excerpt":{"rendered":"<p>Com o total abandono das rodovias estaduais na regi\u00e3o M\u00e9dio Sudoeste, alguns moradores desempregados de Itapetinga e Macarani t\u00eam buscado alguma renda tapando os buracos da Rodovia BA-270, no trecho que liga as duas cidades. A recupera\u00e7\u00e3o da rodovia j\u00e1 foi objeto de in\u00fameras promessas do governador Rui Costa, a \u00faltima delas na inaugura\u00e7\u00e3o da [&hellip;]<\/p>\n","protected":false},"author":2,"featured_media":83304,"comment_status":"open","ping_status":"open","sticky":false,"template":"","format":"standard","meta":{"footnotes":"","_links_to":"","_links_to_target":""},"categories":[1],"tags":[],"class_list":["post-83300","post","type-post","status-publish","format-standard","has-post-thumbnail","hentry","category-geral"],"views":868,"_links":{"self":[{"href":"https:\/\/www.sudoestehoje.com.br\/novoportal\/wp-json\/wp\/v2\/posts\/83300","targetHints":{"allow":["GET"]}}],"collection":[{"href":"https:\/\/www.sudoestehoje.com.br\/novoportal\/wp-json\/wp\/v2\/posts"}],"about":[{"href":"https:\/\/www.sudoestehoje.com.br\/novoportal\/wp-json\/wp\/v2\/types\/post"}],"author":[{"embeddable":true,"href":"https:\/\/www.sudoestehoje.com.br\/novoportal\/wp-json\/wp\/v2\/users\/2"}],"replies":[{"embeddable":true,"href":"https:\/\/www.sudoestehoje.com.br\/novoportal\/wp-json\/wp\/v2\/comments?post=83300"}],"version-history":[{"count":6,"href":"https:\/\/www.sudoestehoje.com.br\/novoportal\/wp-json\/wp\/v2\/posts\/83300\/revisions"}],"predecessor-version":[{"id":83310,"href":"https:\/\/www.sudoestehoje.com.br\/novoportal\/wp-json\/wp\/v2\/posts\/83300\/revisions\/83310"}],"wp:featuredmedia":[{"embeddable":true,"href":"https:\/\/www.sudoestehoje.com.br\/novoportal\/wp-json\/wp\/v2\/media\/83304"}],"wp:attachment":[{"href":"https:\/\/www.sudoestehoje.com.br\/novoportal\/wp-json\/wp\/v2\/media?parent=83300"}],"wp:term":[{"taxonomy":"category","embeddable":true,"href":"https:\/\/www.sudoestehoje.com.br\/novoportal\/wp-json\/wp\/v2\/categories?post=83300"},{"taxonomy":"post_tag","embeddable":true,"href":"https:\/\/www.sudoestehoje.com.br\/novoportal\/wp-json\/wp\/v2\/tags?post=83300"}],"curies":[{"name":"wp","href":"https:\/\/api.w.org\/{rel}","templated":true}]}}