
{"id":83293,"date":"2019-10-28T20:58:31","date_gmt":"2019-10-28T23:58:31","guid":{"rendered":"https:\/\/www.sudoestehoje.com.br\/novoportal\/?p=83293"},"modified":"2019-10-28T20:58:31","modified_gmt":"2019-10-28T23:58:31","slug":"federacao-das-santas-casas-promove-iv-forum-de-saude-e-benchmarketing-da-bahia","status":"publish","type":"post","link":"https:\/\/www.sudoestehoje.com.br\/novoportal\/2019\/10\/28\/federacao-das-santas-casas-promove-iv-forum-de-saude-e-benchmarketing-da-bahia\/","title":{"rendered":"FEDERA\u00c7\u00c3O DAS SANTAS CASAS PROMOVE IV F\u00d3RUM DE SA\u00daDE E BENCHMARKETING DA BAHIA"},"content":{"rendered":"<p><a href=\"https:\/\/www.sudoestehoje.com.br\/novoportal\/wp-content\/uploads\/2019\/10\/FESFBA-1.jpg\"><img loading=\"lazy\" decoding=\"async\" class=\"aligncenter size-medium wp-image-83295\" src=\"https:\/\/www.sudoestehoje.com.br\/novoportal\/wp-content\/uploads\/2019\/10\/FESFBA-1-500x340.jpg\" alt=\"\" width=\"500\" height=\"340\" srcset=\"https:\/\/www.sudoestehoje.com.br\/novoportal\/wp-content\/uploads\/2019\/10\/FESFBA-1-500x340.jpg 500w, https:\/\/www.sudoestehoje.com.br\/novoportal\/wp-content\/uploads\/2019\/10\/FESFBA-1-768x523.jpg 768w, https:\/\/www.sudoestehoje.com.br\/novoportal\/wp-content\/uploads\/2019\/10\/FESFBA-1-700x476.jpg 700w, https:\/\/www.sudoestehoje.com.br\/novoportal\/wp-content\/uploads\/2019\/10\/FESFBA-1.jpg 1280w\" sizes=\"auto, (max-width: 500px) 100vw, 500px\" \/><\/a><\/p>\n<p>Come\u00e7ou nesta segunda-feira (28), em Salvador, o IV F\u00f3rum da Sa\u00fade Bahia e o IV Benchmarking da FESFBA (Federa\u00e7\u00e3o das Santas Casas, Hospitais e Entidades Filantr\u00f3picas do Estado da Bahia). No primeiro dia do evento aconteceram debates sobre melhorias no setor, respons\u00e1vel por 55% dos servi\u00e7os de sa\u00fade, al\u00e9m de fortalecimento das entidades.<\/p>\n<p><a href=\"https:\/\/www.sudoestehoje.com.br\/novoportal\/wp-content\/uploads\/2019\/10\/FESFBA-2.jpg\"><img loading=\"lazy\" decoding=\"async\" class=\"aligncenter size-medium wp-image-83296\" src=\"https:\/\/www.sudoestehoje.com.br\/novoportal\/wp-content\/uploads\/2019\/10\/FESFBA-2-500x375.jpg\" alt=\"\" width=\"500\" height=\"375\" srcset=\"https:\/\/www.sudoestehoje.com.br\/novoportal\/wp-content\/uploads\/2019\/10\/FESFBA-2-500x375.jpg 500w, https:\/\/www.sudoestehoje.com.br\/novoportal\/wp-content\/uploads\/2019\/10\/FESFBA-2-768x576.jpg 768w, https:\/\/www.sudoestehoje.com.br\/novoportal\/wp-content\/uploads\/2019\/10\/FESFBA-2-700x525.jpg 700w, https:\/\/www.sudoestehoje.com.br\/novoportal\/wp-content\/uploads\/2019\/10\/FESFBA-2.jpg 1280w\" sizes=\"auto, (max-width: 500px) 100vw, 500px\" \/><\/a><\/p>\n<p>O encontrou reuniu n\u00famero recorde de participantes de diversas partes do Estado, como autoridades e profissionais da sa\u00fade, al\u00e9m do Superintendente Nordeste da Caixa Econ\u00f4mica Federal, Ricardo Lima, do representante Minist\u00e9rio da Sa\u00fade, Brunno Carrijo, demonstrando a for\u00e7a do setor filantr\u00f3pico no Estado liderado pela presidente Dora Nunes, que esteve acompanhada durante todo o dia pelo coordenador executivo da entidade, Leonardo Matos.<\/p>\n<p><a href=\"https:\/\/www.sudoestehoje.com.br\/novoportal\/wp-content\/uploads\/2019\/10\/FESFBA-3.jpg\"><img loading=\"lazy\" decoding=\"async\" class=\"aligncenter size-medium wp-image-83297\" src=\"https:\/\/www.sudoestehoje.com.br\/novoportal\/wp-content\/uploads\/2019\/10\/FESFBA-3-500x375.jpg\" alt=\"\" width=\"500\" height=\"375\" srcset=\"https:\/\/www.sudoestehoje.com.br\/novoportal\/wp-content\/uploads\/2019\/10\/FESFBA-3-500x375.jpg 500w, https:\/\/www.sudoestehoje.com.br\/novoportal\/wp-content\/uploads\/2019\/10\/FESFBA-3-768x576.jpg 768w, https:\/\/www.sudoestehoje.com.br\/novoportal\/wp-content\/uploads\/2019\/10\/FESFBA-3-700x525.jpg 700w, https:\/\/www.sudoestehoje.com.br\/novoportal\/wp-content\/uploads\/2019\/10\/FESFBA-3.jpg 1280w\" sizes=\"auto, (max-width: 500px) 100vw, 500px\" \/><\/a><\/p>\n<p>No encontro o deputado federal Antonio Brito foi referenciado como \u201co amigo da Sa\u00fade no Congresso Nacional\u201d. O parlamentar possui um trabalho intenso em defesa das institui\u00e7\u00f5es filantr\u00f3picas.<\/p>\n<p>O IV F\u00f3rum da Sa\u00fade Bahia debateu ainda no primeiro dia temas como a Lei Geral de Prote\u00e7\u00e3o de Dados, linhas de cr\u00e9dito para os filantr\u00f3picos, sistema de credita\u00e7\u00e3o, uso de redes sociais, judicializa\u00e7\u00e3o da sa\u00fade, faturamento e corresponsabilidade sobre os res\u00edduos hospitalares.<\/p>\n","protected":false},"excerpt":{"rendered":"<p>Come\u00e7ou nesta segunda-feira (28), em Salvador, o IV F\u00f3rum da Sa\u00fade Bahia e o IV Benchmarking da FESFBA (Federa\u00e7\u00e3o das Santas Casas, Hospitais e Entidades Filantr\u00f3picas do Estado da Bahia). No primeiro dia do evento aconteceram debates sobre melhorias no setor, respons\u00e1vel por 55% dos servi\u00e7os de sa\u00fade, al\u00e9m de fortalecimento das entidades. O encontrou [&hellip;]<\/p>\n","protected":false},"author":2,"featured_media":83295,"comment_status":"open","ping_status":"open","sticky":false,"template":"","format":"standard","meta":{"footnotes":"","_links_to":"","_links_to_target":""},"categories":[1],"tags":[],"class_list":["post-83293","post","type-post","status-publish","format-standard","has-post-thumbnail","hentry","category-geral"],"views":795,"_links":{"self":[{"href":"https:\/\/www.sudoestehoje.com.br\/novoportal\/wp-json\/wp\/v2\/posts\/83293","targetHints":{"allow":["GET"]}}],"collection":[{"href":"https:\/\/www.sudoestehoje.com.br\/novoportal\/wp-json\/wp\/v2\/posts"}],"about":[{"href":"https:\/\/www.sudoestehoje.com.br\/novoportal\/wp-json\/wp\/v2\/types\/post"}],"author":[{"embeddable":true,"href":"https:\/\/www.sudoestehoje.com.br\/novoportal\/wp-json\/wp\/v2\/users\/2"}],"replies":[{"embeddable":true,"href":"https:\/\/www.sudoestehoje.com.br\/novoportal\/wp-json\/wp\/v2\/comments?post=83293"}],"version-history":[{"count":2,"href":"https:\/\/www.sudoestehoje.com.br\/novoportal\/wp-json\/wp\/v2\/posts\/83293\/revisions"}],"predecessor-version":[{"id":83298,"href":"https:\/\/www.sudoestehoje.com.br\/novoportal\/wp-json\/wp\/v2\/posts\/83293\/revisions\/83298"}],"wp:featuredmedia":[{"embeddable":true,"href":"https:\/\/www.sudoestehoje.com.br\/novoportal\/wp-json\/wp\/v2\/media\/83295"}],"wp:attachment":[{"href":"https:\/\/www.sudoestehoje.com.br\/novoportal\/wp-json\/wp\/v2\/media?parent=83293"}],"wp:term":[{"taxonomy":"category","embeddable":true,"href":"https:\/\/www.sudoestehoje.com.br\/novoportal\/wp-json\/wp\/v2\/categories?post=83293"},{"taxonomy":"post_tag","embeddable":true,"href":"https:\/\/www.sudoestehoje.com.br\/novoportal\/wp-json\/wp\/v2\/tags?post=83293"}],"curies":[{"name":"wp","href":"https:\/\/api.w.org\/{rel}","templated":true}]}}