
{"id":83287,"date":"2019-10-28T20:06:22","date_gmt":"2019-10-28T23:06:22","guid":{"rendered":"https:\/\/www.sudoestehoje.com.br\/novoportal\/?p=83287"},"modified":"2019-10-28T20:06:22","modified_gmt":"2019-10-28T23:06:22","slug":"itapetinga-obras-do-assai-perto-da-reta-final","status":"publish","type":"post","link":"https:\/\/www.sudoestehoje.com.br\/novoportal\/2019\/10\/28\/itapetinga-obras-do-assai-perto-da-reta-final\/","title":{"rendered":"ITAPETINGA OBRAS DO ASSA\u00cd PERTO DA RETA FINAL"},"content":{"rendered":"<p><a href=\"https:\/\/www.sudoestehoje.com.br\/novoportal\/wp-content\/uploads\/2019\/10\/ASS-6.jpg\"><img loading=\"lazy\" decoding=\"async\" class=\"aligncenter size-medium wp-image-83289\" src=\"https:\/\/www.sudoestehoje.com.br\/novoportal\/wp-content\/uploads\/2019\/10\/ASS-6-500x375.jpg\" alt=\"\" width=\"500\" height=\"375\" srcset=\"https:\/\/www.sudoestehoje.com.br\/novoportal\/wp-content\/uploads\/2019\/10\/ASS-6-500x375.jpg 500w, https:\/\/www.sudoestehoje.com.br\/novoportal\/wp-content\/uploads\/2019\/10\/ASS-6-768x576.jpg 768w, https:\/\/www.sudoestehoje.com.br\/novoportal\/wp-content\/uploads\/2019\/10\/ASS-6-700x525.jpg 700w, https:\/\/www.sudoestehoje.com.br\/novoportal\/wp-content\/uploads\/2019\/10\/ASS-6.jpg 960w\" sizes=\"auto, (max-width: 500px) 100vw, 500px\" \/><\/a><\/p>\n<p>A cada dia, as obras de constru\u00e7\u00e3o do Atacadista Assa\u00ed em Itapetinga, apresentam novidades. Nos \u00faltimos dias, a estrutura come\u00e7ou a receber cobertura e os pain\u00e9is azuis da fachada, padr\u00e3o em todas as unidades da rede.<\/p>\n<p>O piso externo do estacionamento \u00e9 p\u00e1tio, tamb\u00e9m est\u00e3o em fase adiantada e a canaliza\u00e7\u00e3o do c\u00f3rrego que passa em frente, j\u00e1 est\u00e1 sendo realizada.<a href=\"https:\/\/www.sudoestehoje.com.br\/novoportal\/wp-content\/uploads\/2019\/10\/canal-ass.jpg\"><img loading=\"lazy\" decoding=\"async\" class=\"aligncenter size-medium wp-image-83290\" src=\"https:\/\/www.sudoestehoje.com.br\/novoportal\/wp-content\/uploads\/2019\/10\/canal-ass-500x375.jpg\" alt=\"\" width=\"500\" height=\"375\" srcset=\"https:\/\/www.sudoestehoje.com.br\/novoportal\/wp-content\/uploads\/2019\/10\/canal-ass-500x375.jpg 500w, https:\/\/www.sudoestehoje.com.br\/novoportal\/wp-content\/uploads\/2019\/10\/canal-ass-768x576.jpg 768w, https:\/\/www.sudoestehoje.com.br\/novoportal\/wp-content\/uploads\/2019\/10\/canal-ass-700x525.jpg 700w, https:\/\/www.sudoestehoje.com.br\/novoportal\/wp-content\/uploads\/2019\/10\/canal-ass.jpg 960w\" sizes=\"auto, (max-width: 500px) 100vw, 500px\" \/><\/a><\/p>\n<p>Segundo informa\u00e7\u00f5es obtidas pelo Sudoeste Hoje, com exclusividade, uma pista paralela \u00e0 BA-263 ser\u00e1 constru\u00edda em frente ao empreendimento, para facilitar o acesso de ve\u00edculos.<\/p>\n<p>Outra pista ligando a entrada do Recanto da Colina, pela Cooedita, at\u00e9 o Assa\u00ed, ser\u00e1 asfaltada e entregue pela prefeitura at\u00e9 a data de inaugura\u00e7\u00e3o do empreendimento.<\/p>\n<p><a href=\"https:\/\/www.sudoestehoje.com.br\/novoportal\/wp-content\/uploads\/2019\/10\/ASS-7.jpg\"><img loading=\"lazy\" decoding=\"async\" class=\"aligncenter size-medium wp-image-83291\" src=\"https:\/\/www.sudoestehoje.com.br\/novoportal\/wp-content\/uploads\/2019\/10\/ASS-7-500x375.jpg\" alt=\"\" width=\"500\" height=\"375\" srcset=\"https:\/\/www.sudoestehoje.com.br\/novoportal\/wp-content\/uploads\/2019\/10\/ASS-7-500x375.jpg 500w, https:\/\/www.sudoestehoje.com.br\/novoportal\/wp-content\/uploads\/2019\/10\/ASS-7-768x576.jpg 768w, https:\/\/www.sudoestehoje.com.br\/novoportal\/wp-content\/uploads\/2019\/10\/ASS-7-700x525.jpg 700w, https:\/\/www.sudoestehoje.com.br\/novoportal\/wp-content\/uploads\/2019\/10\/ASS-7.jpg 960w\" sizes=\"auto, (max-width: 500px) 100vw, 500px\" \/><\/a><\/p>\n<p>AGUARDEM MAIS NOVIDADES.<\/p>\n<p><strong><em>Por Davi Ferraz<\/em><\/strong><\/p>\n","protected":false},"excerpt":{"rendered":"<p>A cada dia, as obras de constru\u00e7\u00e3o do Atacadista Assa\u00ed em Itapetinga, apresentam novidades. Nos \u00faltimos dias, a estrutura come\u00e7ou a receber cobertura e os pain\u00e9is azuis da fachada, padr\u00e3o em todas as unidades da rede. O piso externo do estacionamento \u00e9 p\u00e1tio, tamb\u00e9m est\u00e3o em fase adiantada e a canaliza\u00e7\u00e3o do c\u00f3rrego que passa [&hellip;]<\/p>\n","protected":false},"author":2,"featured_media":83289,"comment_status":"open","ping_status":"open","sticky":false,"template":"","format":"standard","meta":{"footnotes":"","_links_to":"","_links_to_target":""},"categories":[1],"tags":[],"class_list":["post-83287","post","type-post","status-publish","format-standard","has-post-thumbnail","hentry","category-geral"],"views":1174,"_links":{"self":[{"href":"https:\/\/www.sudoestehoje.com.br\/novoportal\/wp-json\/wp\/v2\/posts\/83287","targetHints":{"allow":["GET"]}}],"collection":[{"href":"https:\/\/www.sudoestehoje.com.br\/novoportal\/wp-json\/wp\/v2\/posts"}],"about":[{"href":"https:\/\/www.sudoestehoje.com.br\/novoportal\/wp-json\/wp\/v2\/types\/post"}],"author":[{"embeddable":true,"href":"https:\/\/www.sudoestehoje.com.br\/novoportal\/wp-json\/wp\/v2\/users\/2"}],"replies":[{"embeddable":true,"href":"https:\/\/www.sudoestehoje.com.br\/novoportal\/wp-json\/wp\/v2\/comments?post=83287"}],"version-history":[{"count":2,"href":"https:\/\/www.sudoestehoje.com.br\/novoportal\/wp-json\/wp\/v2\/posts\/83287\/revisions"}],"predecessor-version":[{"id":83292,"href":"https:\/\/www.sudoestehoje.com.br\/novoportal\/wp-json\/wp\/v2\/posts\/83287\/revisions\/83292"}],"wp:featuredmedia":[{"embeddable":true,"href":"https:\/\/www.sudoestehoje.com.br\/novoportal\/wp-json\/wp\/v2\/media\/83289"}],"wp:attachment":[{"href":"https:\/\/www.sudoestehoje.com.br\/novoportal\/wp-json\/wp\/v2\/media?parent=83287"}],"wp:term":[{"taxonomy":"category","embeddable":true,"href":"https:\/\/www.sudoestehoje.com.br\/novoportal\/wp-json\/wp\/v2\/categories?post=83287"},{"taxonomy":"post_tag","embeddable":true,"href":"https:\/\/www.sudoestehoje.com.br\/novoportal\/wp-json\/wp\/v2\/tags?post=83287"}],"curies":[{"name":"wp","href":"https:\/\/api.w.org\/{rel}","templated":true}]}}