
{"id":83238,"date":"2019-10-27T22:10:36","date_gmt":"2019-10-28T01:10:36","guid":{"rendered":"https:\/\/www.sudoestehoje.com.br\/novoportal\/?p=83238"},"modified":"2019-10-27T22:34:39","modified_gmt":"2019-10-28T01:34:39","slug":"lapa-4-pessoas-morrem-afogadas-no-rio-sao-francisco-na-tarde-deste-domingo","status":"publish","type":"post","link":"https:\/\/www.sudoestehoje.com.br\/novoportal\/2019\/10\/27\/lapa-4-pessoas-morrem-afogadas-no-rio-sao-francisco-na-tarde-deste-domingo\/","title":{"rendered":"LAPA: 4 PESSOAS MORREM AFOGADAS NO RIO S\u00c3O FRANCISCO NA TARDE DESTE DOMINGO"},"content":{"rendered":"<p><a href=\"https:\/\/www.sudoestehoje.com.br\/novoportal\/wp-content\/uploads\/2019\/10\/LAPA-AFOGADOS.jpg\"><img loading=\"lazy\" decoding=\"async\" class=\"aligncenter size-medium wp-image-83241\" src=\"https:\/\/www.sudoestehoje.com.br\/novoportal\/wp-content\/uploads\/2019\/10\/LAPA-AFOGADOS-500x375.jpg\" alt=\"\" width=\"500\" height=\"375\" srcset=\"https:\/\/www.sudoestehoje.com.br\/novoportal\/wp-content\/uploads\/2019\/10\/LAPA-AFOGADOS-500x375.jpg 500w, https:\/\/www.sudoestehoje.com.br\/novoportal\/wp-content\/uploads\/2019\/10\/LAPA-AFOGADOS-768x576.jpg 768w, https:\/\/www.sudoestehoje.com.br\/novoportal\/wp-content\/uploads\/2019\/10\/LAPA-AFOGADOS-700x525.jpg 700w, https:\/\/www.sudoestehoje.com.br\/novoportal\/wp-content\/uploads\/2019\/10\/LAPA-AFOGADOS.jpg 1024w\" sizes=\"auto, (max-width: 500px) 100vw, 500px\" \/><\/a><\/p>\n<p>Uma trag\u00e9dia foi registrada na tarde deste domingo (27) no Rio S\u00e3o Francisco, na Ilha da Mariquinha em Bom Jesus da Lapa. De acordo com informa\u00e7\u00f5es preliminares de moradores do local, quatro pessoas morreram afogadas. Dois adultos e duas crian\u00e7as.<\/p>\n<p>A Marinha de Bom Jesus da Lapa j\u00e1 foi pra informada e se dirigiu ao local. Os trabalhos de resgate das v\u00edtimas ter\u00e1 in\u00edcio assim que o dia amanhecer. Estas s\u00e3o informa\u00e7\u00f5es preliminares.<\/p>\n<p>DE UMA MESMA FAM\u00cdLIA<\/p>\n<p>As v\u00edtimas do afogamento, de acordo com a Pol\u00edcia Militar, s\u00e3o de uma mesma fam\u00edlia, e foram identificadas pelos prenomes de Carl\u00e3o de Vera, e as crian\u00e7as por M\u00e1rcio e Calisto.<\/p>\n","protected":false},"excerpt":{"rendered":"<p>Uma trag\u00e9dia foi registrada na tarde deste domingo (27) no Rio S\u00e3o Francisco, na Ilha da Mariquinha em Bom Jesus da Lapa. De acordo com informa\u00e7\u00f5es preliminares de moradores do local, quatro pessoas morreram afogadas. Dois adultos e duas crian\u00e7as. A Marinha de Bom Jesus da Lapa j\u00e1 foi pra informada e se dirigiu ao [&hellip;]<\/p>\n","protected":false},"author":2,"featured_media":83241,"comment_status":"open","ping_status":"open","sticky":false,"template":"","format":"standard","meta":{"footnotes":"","_links_to":"","_links_to_target":""},"categories":[1],"tags":[],"class_list":["post-83238","post","type-post","status-publish","format-standard","has-post-thumbnail","hentry","category-geral"],"views":933,"_links":{"self":[{"href":"https:\/\/www.sudoestehoje.com.br\/novoportal\/wp-json\/wp\/v2\/posts\/83238","targetHints":{"allow":["GET"]}}],"collection":[{"href":"https:\/\/www.sudoestehoje.com.br\/novoportal\/wp-json\/wp\/v2\/posts"}],"about":[{"href":"https:\/\/www.sudoestehoje.com.br\/novoportal\/wp-json\/wp\/v2\/types\/post"}],"author":[{"embeddable":true,"href":"https:\/\/www.sudoestehoje.com.br\/novoportal\/wp-json\/wp\/v2\/users\/2"}],"replies":[{"embeddable":true,"href":"https:\/\/www.sudoestehoje.com.br\/novoportal\/wp-json\/wp\/v2\/comments?post=83238"}],"version-history":[{"count":4,"href":"https:\/\/www.sudoestehoje.com.br\/novoportal\/wp-json\/wp\/v2\/posts\/83238\/revisions"}],"predecessor-version":[{"id":83243,"href":"https:\/\/www.sudoestehoje.com.br\/novoportal\/wp-json\/wp\/v2\/posts\/83238\/revisions\/83243"}],"wp:featuredmedia":[{"embeddable":true,"href":"https:\/\/www.sudoestehoje.com.br\/novoportal\/wp-json\/wp\/v2\/media\/83241"}],"wp:attachment":[{"href":"https:\/\/www.sudoestehoje.com.br\/novoportal\/wp-json\/wp\/v2\/media?parent=83238"}],"wp:term":[{"taxonomy":"category","embeddable":true,"href":"https:\/\/www.sudoestehoje.com.br\/novoportal\/wp-json\/wp\/v2\/categories?post=83238"},{"taxonomy":"post_tag","embeddable":true,"href":"https:\/\/www.sudoestehoje.com.br\/novoportal\/wp-json\/wp\/v2\/tags?post=83238"}],"curies":[{"name":"wp","href":"https:\/\/api.w.org\/{rel}","templated":true}]}}