
{"id":83187,"date":"2019-10-25T13:04:54","date_gmt":"2019-10-25T16:04:54","guid":{"rendered":"https:\/\/www.sudoestehoje.com.br\/novoportal\/?p=83187"},"modified":"2019-10-25T13:12:55","modified_gmt":"2019-10-25T16:12:55","slug":"itapetinga-governo-do-estado-nega-cessao-de-uso-do-csu-a-prefeitura-cras-vai-para-a-nova-itapetinga","status":"publish","type":"post","link":"https:\/\/www.sudoestehoje.com.br\/novoportal\/2019\/10\/25\/itapetinga-governo-do-estado-nega-cessao-de-uso-do-csu-a-prefeitura-cras-vai-para-a-nova-itapetinga\/","title":{"rendered":"ITAPETINGA: GOVERNO DO ESTADO NEGA CESS\u00c3O DE USO DO CSU \u00c0 PREFEITURA; CRAS VAI PARA A NOVA ITAPETINGA"},"content":{"rendered":"<p><a href=\"https:\/\/www.sudoestehoje.com.br\/novoportal\/wp-content\/uploads\/2019\/10\/csu-itap.jpg\"><img loading=\"lazy\" decoding=\"async\" class=\"aligncenter wp-image-83190\" src=\"https:\/\/www.sudoestehoje.com.br\/novoportal\/wp-content\/uploads\/2019\/10\/csu-itap.jpg\" alt=\"\" width=\"500\" height=\"375\" \/><\/a><\/p>\n<p>O governo do estado negou \u00e0 prefeitura de Itapetinga a cess\u00e3o de uso do CSU, localizado na Urbis, que est\u00e1 totalmente degradado e sem muita utilidade. O pedido foi feito pelo prefeito Rodrigo Hagge, que garantiu a reforma total e moderniza\u00e7\u00e3o do pr\u00e9dio, para melhor atender aos programas sociais mantidos pelo munic\u00edpio e at\u00e9 pelo estado.<\/p>\n<p>No pr\u00e9dio do CSU est\u00e1 tamb\u00e9m instalado o CRAS, que \u00e9 administrado pela prefeitura, mas as condi\u00e7\u00f5es do local s\u00e3o inadequadas e n\u00e3o atendem mais \u00e0s necessidades do munic\u00edpio. H\u00e1 anos que o CSU n\u00e3o passa por uma boa reforma.<\/p>\n<p>Com a negativa do governo, o CRAS dever\u00e1 desocupar o local e se instalar no bairro Nova Itapetinga, em local mais apropriado, que em breve ser\u00e1 inaugurado pelo prefeito Rodrigo Hagge.<\/p>\n<p>Segundo fonte ligada ao governo do estado, pol\u00edticos locais de oposi\u00e7\u00e3o ao prefeito Rodrigo Hagge foram consultados sobre o pedido de cess\u00e3o de uso formulado pelo prefeito, e se manifestaram radicalmente contr\u00e1rios, por raz\u00f5es meramente eleitorais.<\/p>\n<p>J\u00e1 era de se esperar&#8230;<\/p>\n<p><strong><em>Por Davi Ferraz\u00a0<\/em><\/strong><\/p>\n","protected":false},"excerpt":{"rendered":"<p>O governo do estado negou \u00e0 prefeitura de Itapetinga a cess\u00e3o de uso do CSU, localizado na Urbis, que est\u00e1 totalmente degradado e sem muita utilidade. O pedido foi feito pelo prefeito Rodrigo Hagge, que garantiu a reforma total e moderniza\u00e7\u00e3o do pr\u00e9dio, para melhor atender aos programas sociais mantidos pelo munic\u00edpio e at\u00e9 pelo [&hellip;]<\/p>\n","protected":false},"author":2,"featured_media":83190,"comment_status":"open","ping_status":"open","sticky":false,"template":"","format":"standard","meta":{"footnotes":"","_links_to":"","_links_to_target":""},"categories":[1],"tags":[],"class_list":["post-83187","post","type-post","status-publish","format-standard","has-post-thumbnail","hentry","category-geral"],"views":845,"_links":{"self":[{"href":"https:\/\/www.sudoestehoje.com.br\/novoportal\/wp-json\/wp\/v2\/posts\/83187","targetHints":{"allow":["GET"]}}],"collection":[{"href":"https:\/\/www.sudoestehoje.com.br\/novoportal\/wp-json\/wp\/v2\/posts"}],"about":[{"href":"https:\/\/www.sudoestehoje.com.br\/novoportal\/wp-json\/wp\/v2\/types\/post"}],"author":[{"embeddable":true,"href":"https:\/\/www.sudoestehoje.com.br\/novoportal\/wp-json\/wp\/v2\/users\/2"}],"replies":[{"embeddable":true,"href":"https:\/\/www.sudoestehoje.com.br\/novoportal\/wp-json\/wp\/v2\/comments?post=83187"}],"version-history":[{"count":5,"href":"https:\/\/www.sudoestehoje.com.br\/novoportal\/wp-json\/wp\/v2\/posts\/83187\/revisions"}],"predecessor-version":[{"id":83193,"href":"https:\/\/www.sudoestehoje.com.br\/novoportal\/wp-json\/wp\/v2\/posts\/83187\/revisions\/83193"}],"wp:featuredmedia":[{"embeddable":true,"href":"https:\/\/www.sudoestehoje.com.br\/novoportal\/wp-json\/wp\/v2\/media\/83190"}],"wp:attachment":[{"href":"https:\/\/www.sudoestehoje.com.br\/novoportal\/wp-json\/wp\/v2\/media?parent=83187"}],"wp:term":[{"taxonomy":"category","embeddable":true,"href":"https:\/\/www.sudoestehoje.com.br\/novoportal\/wp-json\/wp\/v2\/categories?post=83187"},{"taxonomy":"post_tag","embeddable":true,"href":"https:\/\/www.sudoestehoje.com.br\/novoportal\/wp-json\/wp\/v2\/tags?post=83187"}],"curies":[{"name":"wp","href":"https:\/\/api.w.org\/{rel}","templated":true}]}}