
{"id":83181,"date":"2019-10-24T21:03:22","date_gmt":"2019-10-25T00:03:22","guid":{"rendered":"https:\/\/www.sudoestehoje.com.br\/novoportal\/?p=83181"},"modified":"2019-10-24T21:03:22","modified_gmt":"2019-10-25T00:03:22","slug":"deputado-estadual-baiano-e-acusado-de-espancar-assessor-parlamentar","status":"publish","type":"post","link":"https:\/\/www.sudoestehoje.com.br\/novoportal\/2019\/10\/24\/deputado-estadual-baiano-e-acusado-de-espancar-assessor-parlamentar\/","title":{"rendered":"DEPUTADO ESTADUAL BAIANO \u00c9 ACUSADO DE ESPANCAR ASSESSOR PARLAMENTAR"},"content":{"rendered":"<p><a href=\"https:\/\/www.sudoestehoje.com.br\/novoportal\/wp-content\/uploads\/2019\/10\/marcell-agress\u00e3o-assessor-primo.jpg\"><img loading=\"lazy\" decoding=\"async\" class=\"aligncenter size-medium wp-image-83182\" src=\"https:\/\/www.sudoestehoje.com.br\/novoportal\/wp-content\/uploads\/2019\/10\/marcell-agress\u00e3o-assessor-primo-500x350.jpg\" alt=\"\" width=\"500\" height=\"350\" srcset=\"https:\/\/www.sudoestehoje.com.br\/novoportal\/wp-content\/uploads\/2019\/10\/marcell-agress\u00e3o-assessor-primo-500x350.jpg 500w, https:\/\/www.sudoestehoje.com.br\/novoportal\/wp-content\/uploads\/2019\/10\/marcell-agress\u00e3o-assessor-primo.jpg 600w\" sizes=\"auto, (max-width: 500px) 100vw, 500px\" \/><\/a><\/p>\n<p>Primo do deputado estadual Marcell Moraes (PSDB), o assessor\u00a0Lucas Carvalho de Matos confirmou ao\u00a0<strong>bahia.ba<\/strong>\u00a0que foi \u201cespancado\u201d dentro de um apartamento do tucano em Salvador, na manh\u00e3 desta quinta-feira.<\/p>\n<p>\u201cAgora vou fazer uma tomografia. Fui espancado dentro de um apartamento do qual o dono \u00e9 o deputado Marcel Moraes\u201d, afirmou Lucas.\u00a0H\u00e1 suspeita de que ele esteja com costelas e maxilar fraturados.<\/p>\n<p>O assessor\u00a0disse ainda que a agress\u00e3o aconteceu ap\u00f3s o deputado desconfiar que ele estaria tendo um caso com uma mulher\u00a0apontada como sua amante.<\/p>\n<p>Lucas Carvalho\u00a0diz que foi socorrido por uma unidade do Samu e que est\u00e1 num hospital fazendo\u00a0\u201cuma s\u00e9rie de exames\u201d neste momento.<\/p>\n<p>O deputado n\u00e3o atendeu \u00e0s liga\u00e7\u00f5es nem respondeu \u00e0s mensagens enviadas pela equipe. \/\/Bahia.ba<\/p>\n","protected":false},"excerpt":{"rendered":"<p>Primo do deputado estadual Marcell Moraes (PSDB), o assessor\u00a0Lucas Carvalho de Matos confirmou ao\u00a0bahia.ba\u00a0que foi \u201cespancado\u201d dentro de um apartamento do tucano em Salvador, na manh\u00e3 desta quinta-feira. \u201cAgora vou fazer uma tomografia. Fui espancado dentro de um apartamento do qual o dono \u00e9 o deputado Marcel Moraes\u201d, afirmou Lucas.\u00a0H\u00e1 suspeita de que ele esteja [&hellip;]<\/p>\n","protected":false},"author":2,"featured_media":83182,"comment_status":"open","ping_status":"open","sticky":false,"template":"","format":"standard","meta":{"footnotes":"","_links_to":"","_links_to_target":""},"categories":[1],"tags":[],"class_list":["post-83181","post","type-post","status-publish","format-standard","has-post-thumbnail","hentry","category-geral"],"views":777,"_links":{"self":[{"href":"https:\/\/www.sudoestehoje.com.br\/novoportal\/wp-json\/wp\/v2\/posts\/83181","targetHints":{"allow":["GET"]}}],"collection":[{"href":"https:\/\/www.sudoestehoje.com.br\/novoportal\/wp-json\/wp\/v2\/posts"}],"about":[{"href":"https:\/\/www.sudoestehoje.com.br\/novoportal\/wp-json\/wp\/v2\/types\/post"}],"author":[{"embeddable":true,"href":"https:\/\/www.sudoestehoje.com.br\/novoportal\/wp-json\/wp\/v2\/users\/2"}],"replies":[{"embeddable":true,"href":"https:\/\/www.sudoestehoje.com.br\/novoportal\/wp-json\/wp\/v2\/comments?post=83181"}],"version-history":[{"count":1,"href":"https:\/\/www.sudoestehoje.com.br\/novoportal\/wp-json\/wp\/v2\/posts\/83181\/revisions"}],"predecessor-version":[{"id":83183,"href":"https:\/\/www.sudoestehoje.com.br\/novoportal\/wp-json\/wp\/v2\/posts\/83181\/revisions\/83183"}],"wp:featuredmedia":[{"embeddable":true,"href":"https:\/\/www.sudoestehoje.com.br\/novoportal\/wp-json\/wp\/v2\/media\/83182"}],"wp:attachment":[{"href":"https:\/\/www.sudoestehoje.com.br\/novoportal\/wp-json\/wp\/v2\/media?parent=83181"}],"wp:term":[{"taxonomy":"category","embeddable":true,"href":"https:\/\/www.sudoestehoje.com.br\/novoportal\/wp-json\/wp\/v2\/categories?post=83181"},{"taxonomy":"post_tag","embeddable":true,"href":"https:\/\/www.sudoestehoje.com.br\/novoportal\/wp-json\/wp\/v2\/tags?post=83181"}],"curies":[{"name":"wp","href":"https:\/\/api.w.org\/{rel}","templated":true}]}}