
{"id":83149,"date":"2019-10-23T20:24:23","date_gmt":"2019-10-23T23:24:23","guid":{"rendered":"https:\/\/www.sudoestehoje.com.br\/novoportal\/?p=83149"},"modified":"2019-10-23T20:30:55","modified_gmt":"2019-10-23T23:30:55","slug":"volta-a-chover-em-itapetinga-e-regiao","status":"publish","type":"post","link":"https:\/\/www.sudoestehoje.com.br\/novoportal\/2019\/10\/23\/volta-a-chover-em-itapetinga-e-regiao\/","title":{"rendered":"VOLTA A CHOVER EM ITAPETINGA E REGI\u00c3O"},"content":{"rendered":"<p><a href=\"https:\/\/www.sudoestehoje.com.br\/novoportal\/wp-content\/uploads\/2019\/10\/CHUVAS-HOJA.jpg\"><img loading=\"lazy\" decoding=\"async\" class=\"aligncenter size-medium wp-image-83150\" src=\"https:\/\/www.sudoestehoje.com.br\/novoportal\/wp-content\/uploads\/2019\/10\/CHUVAS-HOJA-500x375.jpg\" alt=\"\" width=\"500\" height=\"375\" srcset=\"https:\/\/www.sudoestehoje.com.br\/novoportal\/wp-content\/uploads\/2019\/10\/CHUVAS-HOJA-500x375.jpg 500w, https:\/\/www.sudoestehoje.com.br\/novoportal\/wp-content\/uploads\/2019\/10\/CHUVAS-HOJA-768x576.jpg 768w, https:\/\/www.sudoestehoje.com.br\/novoportal\/wp-content\/uploads\/2019\/10\/CHUVAS-HOJA-700x525.jpg 700w, https:\/\/www.sudoestehoje.com.br\/novoportal\/wp-content\/uploads\/2019\/10\/CHUVAS-HOJA.jpg 960w\" sizes=\"auto, (max-width: 500px) 100vw, 500px\" \/><\/a><\/p>\n<p>Depois de um longo per\u00edodo de estiagem, voltou a chover forte em Itapetinga, nesta quarta-feira (23), animando o setor pecu\u00e1rio e agr\u00edcola regional.<\/p>\n<p>As primeiras pancadas aconteceram na madrugada desta ter\u00e7a (22), voltando a chover forte por volta do meio dia de hoje.<\/p>\n<p>De acordo com previs\u00f5es do<a href=\"https:\/\/www.climatempo.com.br\/previsao-do-tempo\/15-dias\/cidade\/918\/itapetinga-ba\"> CLIMATEMPO<\/a>, as precipita\u00e7\u00f5es devem continuar em toda a regi\u00e3o, nas pr\u00f3ximas semanas, com pancadas fortes e trovoadas no per\u00edodo.<\/p>\n<p><strong><em>Reda\u00e7\u00e3o<\/em><\/strong><\/p>\n","protected":false},"excerpt":{"rendered":"<p>Depois de um longo per\u00edodo de estiagem, voltou a chover forte em Itapetinga, nesta quarta-feira (23), animando o setor pecu\u00e1rio e agr\u00edcola regional. As primeiras pancadas aconteceram na madrugada desta ter\u00e7a (22), voltando a chover forte por volta do meio dia de hoje. De acordo com previs\u00f5es do CLIMATEMPO, as precipita\u00e7\u00f5es devem continuar em toda [&hellip;]<\/p>\n","protected":false},"author":2,"featured_media":83150,"comment_status":"open","ping_status":"open","sticky":false,"template":"","format":"standard","meta":{"footnotes":"","_links_to":"","_links_to_target":""},"categories":[1],"tags":[],"class_list":["post-83149","post","type-post","status-publish","format-standard","has-post-thumbnail","hentry","category-geral"],"views":1048,"_links":{"self":[{"href":"https:\/\/www.sudoestehoje.com.br\/novoportal\/wp-json\/wp\/v2\/posts\/83149","targetHints":{"allow":["GET"]}}],"collection":[{"href":"https:\/\/www.sudoestehoje.com.br\/novoportal\/wp-json\/wp\/v2\/posts"}],"about":[{"href":"https:\/\/www.sudoestehoje.com.br\/novoportal\/wp-json\/wp\/v2\/types\/post"}],"author":[{"embeddable":true,"href":"https:\/\/www.sudoestehoje.com.br\/novoportal\/wp-json\/wp\/v2\/users\/2"}],"replies":[{"embeddable":true,"href":"https:\/\/www.sudoestehoje.com.br\/novoportal\/wp-json\/wp\/v2\/comments?post=83149"}],"version-history":[{"count":2,"href":"https:\/\/www.sudoestehoje.com.br\/novoportal\/wp-json\/wp\/v2\/posts\/83149\/revisions"}],"predecessor-version":[{"id":83152,"href":"https:\/\/www.sudoestehoje.com.br\/novoportal\/wp-json\/wp\/v2\/posts\/83149\/revisions\/83152"}],"wp:featuredmedia":[{"embeddable":true,"href":"https:\/\/www.sudoestehoje.com.br\/novoportal\/wp-json\/wp\/v2\/media\/83150"}],"wp:attachment":[{"href":"https:\/\/www.sudoestehoje.com.br\/novoportal\/wp-json\/wp\/v2\/media?parent=83149"}],"wp:term":[{"taxonomy":"category","embeddable":true,"href":"https:\/\/www.sudoestehoje.com.br\/novoportal\/wp-json\/wp\/v2\/categories?post=83149"},{"taxonomy":"post_tag","embeddable":true,"href":"https:\/\/www.sudoestehoje.com.br\/novoportal\/wp-json\/wp\/v2\/tags?post=83149"}],"curies":[{"name":"wp","href":"https:\/\/api.w.org\/{rel}","templated":true}]}}