
{"id":83142,"date":"2019-10-23T10:49:08","date_gmt":"2019-10-23T13:49:08","guid":{"rendered":"https:\/\/www.sudoestehoje.com.br\/novoportal\/?p=83142"},"modified":"2019-10-23T10:49:08","modified_gmt":"2019-10-23T13:49:08","slug":"calouro-e-suspeito-de-cometer-abuso-sexual-contra-aluna-veterana-da-uefs","status":"publish","type":"post","link":"https:\/\/www.sudoestehoje.com.br\/novoportal\/2019\/10\/23\/calouro-e-suspeito-de-cometer-abuso-sexual-contra-aluna-veterana-da-uefs\/","title":{"rendered":"CALOURO \u00c9 SUSPEITO DE COMETER ABUSO SEXUAL CONTRA ALUNA VETERANA DA UEFS"},"content":{"rendered":"<p><a href=\"https:\/\/www.sudoestehoje.com.br\/novoportal\/wp-content\/uploads\/2019\/10\/UEFS-ABUSO.jpg\"><img loading=\"lazy\" decoding=\"async\" class=\"aligncenter size-medium wp-image-83143\" src=\"https:\/\/www.sudoestehoje.com.br\/novoportal\/wp-content\/uploads\/2019\/10\/UEFS-ABUSO-500x265.jpg\" alt=\"\" width=\"500\" height=\"265\" srcset=\"https:\/\/www.sudoestehoje.com.br\/novoportal\/wp-content\/uploads\/2019\/10\/UEFS-ABUSO-500x265.jpg 500w, https:\/\/www.sudoestehoje.com.br\/novoportal\/wp-content\/uploads\/2019\/10\/UEFS-ABUSO-768x407.jpg 768w, https:\/\/www.sudoestehoje.com.br\/novoportal\/wp-content\/uploads\/2019\/10\/UEFS-ABUSO-700x371.jpg 700w, https:\/\/www.sudoestehoje.com.br\/novoportal\/wp-content\/uploads\/2019\/10\/UEFS-ABUSO.jpg 1000w\" sizes=\"auto, (max-width: 500px) 100vw, 500px\" \/><\/a><\/p>\n<p>Um caso de abuso sexual est\u00e1 sendo investigado pela Pol\u00edcia Civil, em Feira de Santana. Uma aluna veterana da Uefs teria sido abusada por um calouro quando estava desacordada. Ela teria bebido uma ta\u00e7a de vinho e perdido a consci\u00eancia em seguida. \u201cA jovem afirma n\u00e3o se recordar de nada do que tenha acontecido ap\u00f3s ingerir a bebida\u201d, informou a delegada Edileuza Ramos, da Delegacia Especial de Atendimento \u00e0 Mulher (Deam).<\/p>\n<p>Segundo Edileuza Ramos, o caso aconteceu em uma festa de recep\u00e7\u00e3o de estudantes que cursam Engenharia de Alimentos.\u00a0De acordo com a delegada, testemunhas contaram em depoimento que viram os alunos juntos na festa, mas demoraram para perceber que a mulher estava desacordada. A pol\u00edcia investiga se a v\u00edtima foi dopada.<\/p>\n<p>\u201cNo dia seguinte, tomou conhecimento por testemunhas que uma pessoa teria abusado dela, sexualmente, e descreveram as cenas que teriam acontecido em p\u00fablico\u201d, contou.<\/p>\n<p>Edileuza Ramos informou que a aluna registrou boletim de ocorr\u00eancia na Deam, no s\u00e1bado (19) e passou por exame de corpo de delito, no Departamento de Pol\u00edcia T\u00e9cnica (DPT), de Feira de Santana.<\/p>\n","protected":false},"excerpt":{"rendered":"<p>Um caso de abuso sexual est\u00e1 sendo investigado pela Pol\u00edcia Civil, em Feira de Santana. Uma aluna veterana da Uefs teria sido abusada por um calouro quando estava desacordada. Ela teria bebido uma ta\u00e7a de vinho e perdido a consci\u00eancia em seguida. \u201cA jovem afirma n\u00e3o se recordar de nada do que tenha acontecido ap\u00f3s [&hellip;]<\/p>\n","protected":false},"author":2,"featured_media":83143,"comment_status":"open","ping_status":"open","sticky":false,"template":"","format":"standard","meta":{"footnotes":"","_links_to":"","_links_to_target":""},"categories":[1],"tags":[],"class_list":["post-83142","post","type-post","status-publish","format-standard","has-post-thumbnail","hentry","category-geral"],"views":761,"_links":{"self":[{"href":"https:\/\/www.sudoestehoje.com.br\/novoportal\/wp-json\/wp\/v2\/posts\/83142","targetHints":{"allow":["GET"]}}],"collection":[{"href":"https:\/\/www.sudoestehoje.com.br\/novoportal\/wp-json\/wp\/v2\/posts"}],"about":[{"href":"https:\/\/www.sudoestehoje.com.br\/novoportal\/wp-json\/wp\/v2\/types\/post"}],"author":[{"embeddable":true,"href":"https:\/\/www.sudoestehoje.com.br\/novoportal\/wp-json\/wp\/v2\/users\/2"}],"replies":[{"embeddable":true,"href":"https:\/\/www.sudoestehoje.com.br\/novoportal\/wp-json\/wp\/v2\/comments?post=83142"}],"version-history":[{"count":2,"href":"https:\/\/www.sudoestehoje.com.br\/novoportal\/wp-json\/wp\/v2\/posts\/83142\/revisions"}],"predecessor-version":[{"id":83145,"href":"https:\/\/www.sudoestehoje.com.br\/novoportal\/wp-json\/wp\/v2\/posts\/83142\/revisions\/83145"}],"wp:featuredmedia":[{"embeddable":true,"href":"https:\/\/www.sudoestehoje.com.br\/novoportal\/wp-json\/wp\/v2\/media\/83143"}],"wp:attachment":[{"href":"https:\/\/www.sudoestehoje.com.br\/novoportal\/wp-json\/wp\/v2\/media?parent=83142"}],"wp:term":[{"taxonomy":"category","embeddable":true,"href":"https:\/\/www.sudoestehoje.com.br\/novoportal\/wp-json\/wp\/v2\/categories?post=83142"},{"taxonomy":"post_tag","embeddable":true,"href":"https:\/\/www.sudoestehoje.com.br\/novoportal\/wp-json\/wp\/v2\/tags?post=83142"}],"curies":[{"name":"wp","href":"https:\/\/api.w.org\/{rel}","templated":true}]}}