
{"id":83135,"date":"2019-10-22T21:12:17","date_gmt":"2019-10-23T00:12:17","guid":{"rendered":"https:\/\/www.sudoestehoje.com.br\/novoportal\/?p=83135"},"modified":"2019-10-22T21:14:32","modified_gmt":"2019-10-23T00:14:32","slug":"geddel-e-lucio-sao-condenados-pelo-stf","status":"publish","type":"post","link":"https:\/\/www.sudoestehoje.com.br\/novoportal\/2019\/10\/22\/geddel-e-lucio-sao-condenados-pelo-stf\/","title":{"rendered":"GEDDEL E L\u00daCIO S\u00c3O CONDENADOS PELO STF"},"content":{"rendered":"<p><a href=\"https:\/\/www.sudoestehoje.com.br\/novoportal\/wp-content\/uploads\/2019\/10\/geddel-lucio-vieira-lima.jpg\"><img loading=\"lazy\" decoding=\"async\" class=\"aligncenter size-medium wp-image-83136\" src=\"https:\/\/www.sudoestehoje.com.br\/novoportal\/wp-content\/uploads\/2019\/10\/geddel-lucio-vieira-lima-500x291.jpg\" alt=\"\" width=\"500\" height=\"291\" srcset=\"https:\/\/www.sudoestehoje.com.br\/novoportal\/wp-content\/uploads\/2019\/10\/geddel-lucio-vieira-lima-500x291.jpg 500w, https:\/\/www.sudoestehoje.com.br\/novoportal\/wp-content\/uploads\/2019\/10\/geddel-lucio-vieira-lima.jpg 550w\" sizes=\"auto, (max-width: 500px) 100vw, 500px\" \/><\/a><\/p>\n<p>Os irm\u00e3os Geddel e L\u00facio Vieira Lima foram condenados, por tr\u00eas votos a dois, pelos crimes de associa\u00e7\u00e3o criminosa e lavagem de dinheiro, no caso dos\u00a0<a href=\"http:\/\/varelanoticias.com.br\/empresario-confirma-que-apartamento-onde-pf-encontrou-r-51-milhoes-estava-com-geddel\/\">R$ 51 milh\u00f5es, encontrados em um apartamento no bairro da Gra\u00e7a, em Salvador<\/a>. A decis\u00e3o foi tomada na tarde desta segunda-feira (22), pela Segunda Turma do Supremo Tribunal Federal (STF).<\/p>\n<p>Durante a vota\u00e7\u00e3o, os ministros Edson Fachin, Celso de Mello e C\u00e1rmen L\u00facia decidiram pela condena\u00e7\u00e3o dos irm\u00e3os pelos dois crimes. Ricardo Lewandowski e Gilmar Mendes, por sua vez, votaram apenas pela condena\u00e7\u00e3o por lavagem de dinheiro. A pena dos irm\u00e3os ainda foi definida em 14 anos e 10 meses de pris\u00e3o para Geddel e 10 anos e 6 meses para L\u00facio.<\/p>\n<p>No mesmo caso, a absolvi\u00e7\u00e3o de Job Brand\u00e3o e de Luiz Fernando Costa Filho foi decidida de forma un\u00e2nime. J\u00e1 o processo que corre contra a m\u00e3e de Geddel e L\u00facio, Marluce Vieira Lima, foi transferido para a primeira inst\u00e2ncia.<\/p>\n<p>Ainda cabe recurso da decis\u00e3o do STF.<\/p>\n","protected":false},"excerpt":{"rendered":"<p>Os irm\u00e3os Geddel e L\u00facio Vieira Lima foram condenados, por tr\u00eas votos a dois, pelos crimes de associa\u00e7\u00e3o criminosa e lavagem de dinheiro, no caso dos\u00a0R$ 51 milh\u00f5es, encontrados em um apartamento no bairro da Gra\u00e7a, em Salvador. A decis\u00e3o foi tomada na tarde desta segunda-feira (22), pela Segunda Turma do Supremo Tribunal Federal (STF). [&hellip;]<\/p>\n","protected":false},"author":2,"featured_media":83136,"comment_status":"open","ping_status":"open","sticky":false,"template":"","format":"standard","meta":{"footnotes":"","_links_to":"","_links_to_target":""},"categories":[1],"tags":[],"class_list":["post-83135","post","type-post","status-publish","format-standard","has-post-thumbnail","hentry","category-geral"],"views":745,"_links":{"self":[{"href":"https:\/\/www.sudoestehoje.com.br\/novoportal\/wp-json\/wp\/v2\/posts\/83135","targetHints":{"allow":["GET"]}}],"collection":[{"href":"https:\/\/www.sudoestehoje.com.br\/novoportal\/wp-json\/wp\/v2\/posts"}],"about":[{"href":"https:\/\/www.sudoestehoje.com.br\/novoportal\/wp-json\/wp\/v2\/types\/post"}],"author":[{"embeddable":true,"href":"https:\/\/www.sudoestehoje.com.br\/novoportal\/wp-json\/wp\/v2\/users\/2"}],"replies":[{"embeddable":true,"href":"https:\/\/www.sudoestehoje.com.br\/novoportal\/wp-json\/wp\/v2\/comments?post=83135"}],"version-history":[{"count":2,"href":"https:\/\/www.sudoestehoje.com.br\/novoportal\/wp-json\/wp\/v2\/posts\/83135\/revisions"}],"predecessor-version":[{"id":83138,"href":"https:\/\/www.sudoestehoje.com.br\/novoportal\/wp-json\/wp\/v2\/posts\/83135\/revisions\/83138"}],"wp:featuredmedia":[{"embeddable":true,"href":"https:\/\/www.sudoestehoje.com.br\/novoportal\/wp-json\/wp\/v2\/media\/83136"}],"wp:attachment":[{"href":"https:\/\/www.sudoestehoje.com.br\/novoportal\/wp-json\/wp\/v2\/media?parent=83135"}],"wp:term":[{"taxonomy":"category","embeddable":true,"href":"https:\/\/www.sudoestehoje.com.br\/novoportal\/wp-json\/wp\/v2\/categories?post=83135"},{"taxonomy":"post_tag","embeddable":true,"href":"https:\/\/www.sudoestehoje.com.br\/novoportal\/wp-json\/wp\/v2\/tags?post=83135"}],"curies":[{"name":"wp","href":"https:\/\/api.w.org\/{rel}","templated":true}]}}