
{"id":83131,"date":"2019-10-22T17:18:04","date_gmt":"2019-10-22T20:18:04","guid":{"rendered":"https:\/\/www.sudoestehoje.com.br\/novoportal\/?p=83131"},"modified":"2019-10-22T17:18:04","modified_gmt":"2019-10-22T20:18:04","slug":"preco-do-gas-de-cozinha-volta-a-subir","status":"publish","type":"post","link":"https:\/\/www.sudoestehoje.com.br\/novoportal\/2019\/10\/22\/preco-do-gas-de-cozinha-volta-a-subir\/","title":{"rendered":"PRE\u00c7O DO G\u00c1S DE COZINHA VOLTA A SUBIR"},"content":{"rendered":"<p><a href=\"https:\/\/www.sudoestehoje.com.br\/novoportal\/wp-content\/uploads\/2019\/10\/g\u00e1s-de-cozinha.jpg\"><img loading=\"lazy\" decoding=\"async\" class=\"aligncenter size-medium wp-image-83132\" src=\"https:\/\/www.sudoestehoje.com.br\/novoportal\/wp-content\/uploads\/2019\/10\/g\u00e1s-de-cozinha-500x333.jpg\" alt=\"\" width=\"500\" height=\"333\" srcset=\"https:\/\/www.sudoestehoje.com.br\/novoportal\/wp-content\/uploads\/2019\/10\/g\u00e1s-de-cozinha-500x333.jpg 500w, https:\/\/www.sudoestehoje.com.br\/novoportal\/wp-content\/uploads\/2019\/10\/g\u00e1s-de-cozinha-768x511.jpg 768w, https:\/\/www.sudoestehoje.com.br\/novoportal\/wp-content\/uploads\/2019\/10\/g\u00e1s-de-cozinha-700x466.jpg 700w, https:\/\/www.sudoestehoje.com.br\/novoportal\/wp-content\/uploads\/2019\/10\/g\u00e1s-de-cozinha.jpg 840w\" sizes=\"auto, (max-width: 500px) 100vw, 500px\" \/><\/a><\/p>\n<p>O g\u00e1s de cozinha residencial (GLP) aumentar\u00e1 5% nas distribuidoras e o GLP industrial e comercial 3%, a partir da meia-noite desta ter\u00e7a-feira (22). O an\u00fancio foi feito pelo Sindicato Nacional das Empresas Distribuidoras de G\u00e1s Liquefeito de Petr\u00f3leo (Sindig\u00e1s) em nota \u00e0 imprensa e confirmado pela Petrobras.<\/p>\n<p>Os aumentos s\u00e3o m\u00e9dias, pois o valor ter\u00e1 varia\u00e7\u00e3o, para maior ou menor, dependendo da \u00e1rea de distribui\u00e7\u00e3o nacional, segundo o Sindig\u00e1s. O pre\u00e7o para o consumidor final poder\u00e1 ser diferente, pois as distribuidoras acrescem ao percentual de aumento os custos com m\u00e3o de obra, log\u00edstica, impostos e margem de lucro.<\/p>\n<p>O aumento passa a valer a partir de amanh\u00e3, dia 22 de outubro, nas unidades da petroleira. De acordo com as informa\u00e7\u00f5es recebidas da Petrobras, o aumento do GLP residencial oscilar\u00e1 entre 4,8% e 5,3%, e o aumento do GLP empresarial entre 2,9% e 3,2%, dependendo do polo de suprimento\u201d, informou o Sindig\u00e1s.<\/p>\n<p>O \u00faltimo aumento de GLP praticado pela Petrobras foi no dia 5 de agosto.<\/p>\n","protected":false},"excerpt":{"rendered":"<p>O g\u00e1s de cozinha residencial (GLP) aumentar\u00e1 5% nas distribuidoras e o GLP industrial e comercial 3%, a partir da meia-noite desta ter\u00e7a-feira (22). O an\u00fancio foi feito pelo Sindicato Nacional das Empresas Distribuidoras de G\u00e1s Liquefeito de Petr\u00f3leo (Sindig\u00e1s) em nota \u00e0 imprensa e confirmado pela Petrobras. Os aumentos s\u00e3o m\u00e9dias, pois o valor [&hellip;]<\/p>\n","protected":false},"author":2,"featured_media":83132,"comment_status":"open","ping_status":"open","sticky":false,"template":"","format":"standard","meta":{"footnotes":"","_links_to":"","_links_to_target":""},"categories":[1],"tags":[],"class_list":["post-83131","post","type-post","status-publish","format-standard","has-post-thumbnail","hentry","category-geral"],"views":761,"_links":{"self":[{"href":"https:\/\/www.sudoestehoje.com.br\/novoportal\/wp-json\/wp\/v2\/posts\/83131","targetHints":{"allow":["GET"]}}],"collection":[{"href":"https:\/\/www.sudoestehoje.com.br\/novoportal\/wp-json\/wp\/v2\/posts"}],"about":[{"href":"https:\/\/www.sudoestehoje.com.br\/novoportal\/wp-json\/wp\/v2\/types\/post"}],"author":[{"embeddable":true,"href":"https:\/\/www.sudoestehoje.com.br\/novoportal\/wp-json\/wp\/v2\/users\/2"}],"replies":[{"embeddable":true,"href":"https:\/\/www.sudoestehoje.com.br\/novoportal\/wp-json\/wp\/v2\/comments?post=83131"}],"version-history":[{"count":1,"href":"https:\/\/www.sudoestehoje.com.br\/novoportal\/wp-json\/wp\/v2\/posts\/83131\/revisions"}],"predecessor-version":[{"id":83133,"href":"https:\/\/www.sudoestehoje.com.br\/novoportal\/wp-json\/wp\/v2\/posts\/83131\/revisions\/83133"}],"wp:featuredmedia":[{"embeddable":true,"href":"https:\/\/www.sudoestehoje.com.br\/novoportal\/wp-json\/wp\/v2\/media\/83132"}],"wp:attachment":[{"href":"https:\/\/www.sudoestehoje.com.br\/novoportal\/wp-json\/wp\/v2\/media?parent=83131"}],"wp:term":[{"taxonomy":"category","embeddable":true,"href":"https:\/\/www.sudoestehoje.com.br\/novoportal\/wp-json\/wp\/v2\/categories?post=83131"},{"taxonomy":"post_tag","embeddable":true,"href":"https:\/\/www.sudoestehoje.com.br\/novoportal\/wp-json\/wp\/v2\/tags?post=83131"}],"curies":[{"name":"wp","href":"https:\/\/api.w.org\/{rel}","templated":true}]}}