
{"id":83126,"date":"2019-10-22T16:25:42","date_gmt":"2019-10-22T19:25:42","guid":{"rendered":"https:\/\/www.sudoestehoje.com.br\/novoportal\/?p=83126"},"modified":"2019-10-22T16:29:20","modified_gmt":"2019-10-22T19:29:20","slug":"deputado-pedro-tavares-propoe-justica-restaurativa-nas-escolas-estaduais","status":"publish","type":"post","link":"https:\/\/www.sudoestehoje.com.br\/novoportal\/2019\/10\/22\/deputado-pedro-tavares-propoe-justica-restaurativa-nas-escolas-estaduais\/","title":{"rendered":"DEPUTADO PEDRO TAVARES PROP\u00d5E JUSTI\u00c7A RESTAURATIVA NAS ESCOLAS ESTADUAIS"},"content":{"rendered":"<div><a href=\"https:\/\/www.sudoestehoje.com.br\/novoportal\/wp-content\/uploads\/2019\/10\/PREDO-PROJETO-ESCOLAS.jpg\"><img loading=\"lazy\" decoding=\"async\" class=\"aligncenter size-medium wp-image-83127\" src=\"https:\/\/www.sudoestehoje.com.br\/novoportal\/wp-content\/uploads\/2019\/10\/PREDO-PROJETO-ESCOLAS-500x260.jpg\" alt=\"\" width=\"500\" height=\"260\" srcset=\"https:\/\/www.sudoestehoje.com.br\/novoportal\/wp-content\/uploads\/2019\/10\/PREDO-PROJETO-ESCOLAS-500x260.jpg 500w, https:\/\/www.sudoestehoje.com.br\/novoportal\/wp-content\/uploads\/2019\/10\/PREDO-PROJETO-ESCOLAS-768x399.jpg 768w, https:\/\/www.sudoestehoje.com.br\/novoportal\/wp-content\/uploads\/2019\/10\/PREDO-PROJETO-ESCOLAS-700x363.jpg 700w, https:\/\/www.sudoestehoje.com.br\/novoportal\/wp-content\/uploads\/2019\/10\/PREDO-PROJETO-ESCOLAS.jpg 780w\" sizes=\"auto, (max-width: 500px) 100vw, 500px\" \/><\/a>O deputado Pedro Tavares (DEM) apresentou na Assembleia Legislativa da Bahia (ALBA) o Projeto de Lei n\u00ba\u00a0<a href=\"http:\/\/23.0.2.108\/2019\">23.620\/2019<\/a>, propondo que seja implantada nas escolas estaduais a justi\u00e7a restaurativa.<\/p>\n<p>O objetivo da mat\u00e9ria do democrata \u00e9 fazer com que a rede p\u00fablica estadual adote princ\u00edpios, m\u00e9todos e t\u00e9cnicas, com base na justi\u00e7a restaurativa, para a solu\u00e7\u00e3o dos conflitos ocorridos dentro do ambiente escolar. O m\u00e9todo prev\u00ea a realiza\u00e7\u00e3o de atividades preventivas atrav\u00e9s de c\u00edrculos de conversa, palestras, prestando orienta\u00e7\u00f5es sobre direitos e deveres a pais e alunos, bem como apresentar instrumentos para resolver os conflitos que se apresentarem pacificamente.<\/p>\n<p>Ao justificar seu projeto, Tavares explica que a justi\u00e7a restaurativa \u00e9 o processo que permite a todas as partes envolvidas em um ato ofensivo a reunirem-se para decidir coletivamente como lidar com as consequ\u00eancias decorrentes e as implica\u00e7\u00f5es desta para o futuro. \u201cTem se manifestado como um paradigma que busca a resolu\u00e7\u00e3o de conflitos para harmonizar e restaurar os relacionamentos quebrados pela viol\u00eancia desmedida entre as pessoas de todas as na\u00e7\u00f5es\u201d, aponta.<\/p>\n<p>O democrata afirma que esse modelo de justi\u00e7a restaurativa tem como objetivo aproximar de forma oportuna o ofensor da v\u00edtima, com o intuito de restabelecer as rela\u00e7\u00f5es entre as partes, \u201cresponsabilizando o infrator n\u00e3o s\u00f3 materialmente como imaterialmente pelos danos causados pelo conflito\u201d.<\/p>\n<p><em>\u201cEm rela\u00e7\u00e3o aos ambientes escolares, por ser um lugar onde engloba diversidade de opini\u00f5es, cren\u00e7as e culturas, acabam tendo aparentes conflitos. Para que as institui\u00e7\u00f5es de ensino estejam em pleno funcionamento, \u00e9 necess\u00e1rio que os indiv\u00edduos que a comp\u00f5em se relacionem respeitosamente uns com os outros, entretanto, nem sempre \u00e9 o que ocorre\u201d<\/em>, pondera Pedro Tavares.<\/p>\n<p>O PL tramitar\u00e1 nas comiss\u00f5es de Constitui\u00e7\u00e3o e Justi\u00e7a; Educa\u00e7\u00e3o, Cultura, Ci\u00eancia e Tecnologia e Servi\u00e7o P\u00fablico; Direitos Humanos e Seguran\u00e7a P\u00fablica; e Finan\u00e7as, Or\u00e7amento, Fiscaliza\u00e7\u00e3o e Controle.<\/p>\n<\/div>\n","protected":false},"excerpt":{"rendered":"<p>O deputado Pedro Tavares (DEM) apresentou na Assembleia Legislativa da Bahia (ALBA) o Projeto de Lei n\u00ba\u00a023.620\/2019, propondo que seja implantada nas escolas estaduais a justi\u00e7a restaurativa. O objetivo da mat\u00e9ria do democrata \u00e9 fazer com que a rede p\u00fablica estadual adote princ\u00edpios, m\u00e9todos e t\u00e9cnicas, com base na justi\u00e7a restaurativa, para a solu\u00e7\u00e3o dos [&hellip;]<\/p>\n","protected":false},"author":2,"featured_media":83127,"comment_status":"open","ping_status":"open","sticky":false,"template":"","format":"standard","meta":{"footnotes":"","_links_to":"","_links_to_target":""},"categories":[1],"tags":[],"class_list":["post-83126","post","type-post","status-publish","format-standard","has-post-thumbnail","hentry","category-geral"],"views":697,"_links":{"self":[{"href":"https:\/\/www.sudoestehoje.com.br\/novoportal\/wp-json\/wp\/v2\/posts\/83126","targetHints":{"allow":["GET"]}}],"collection":[{"href":"https:\/\/www.sudoestehoje.com.br\/novoportal\/wp-json\/wp\/v2\/posts"}],"about":[{"href":"https:\/\/www.sudoestehoje.com.br\/novoportal\/wp-json\/wp\/v2\/types\/post"}],"author":[{"embeddable":true,"href":"https:\/\/www.sudoestehoje.com.br\/novoportal\/wp-json\/wp\/v2\/users\/2"}],"replies":[{"embeddable":true,"href":"https:\/\/www.sudoestehoje.com.br\/novoportal\/wp-json\/wp\/v2\/comments?post=83126"}],"version-history":[{"count":3,"href":"https:\/\/www.sudoestehoje.com.br\/novoportal\/wp-json\/wp\/v2\/posts\/83126\/revisions"}],"predecessor-version":[{"id":83130,"href":"https:\/\/www.sudoestehoje.com.br\/novoportal\/wp-json\/wp\/v2\/posts\/83126\/revisions\/83130"}],"wp:featuredmedia":[{"embeddable":true,"href":"https:\/\/www.sudoestehoje.com.br\/novoportal\/wp-json\/wp\/v2\/media\/83127"}],"wp:attachment":[{"href":"https:\/\/www.sudoestehoje.com.br\/novoportal\/wp-json\/wp\/v2\/media?parent=83126"}],"wp:term":[{"taxonomy":"category","embeddable":true,"href":"https:\/\/www.sudoestehoje.com.br\/novoportal\/wp-json\/wp\/v2\/categories?post=83126"},{"taxonomy":"post_tag","embeddable":true,"href":"https:\/\/www.sudoestehoje.com.br\/novoportal\/wp-json\/wp\/v2\/tags?post=83126"}],"curies":[{"name":"wp","href":"https:\/\/api.w.org\/{rel}","templated":true}]}}