
{"id":83118,"date":"2019-10-22T11:57:07","date_gmt":"2019-10-22T14:57:07","guid":{"rendered":"https:\/\/www.sudoestehoje.com.br\/novoportal\/?p=83118"},"modified":"2019-10-22T11:57:07","modified_gmt":"2019-10-22T14:57:07","slug":"rodovias-estaduais-do-entorno-de-itapetinga-foram-desprezadas-pelo-governador","status":"publish","type":"post","link":"https:\/\/www.sudoestehoje.com.br\/novoportal\/2019\/10\/22\/rodovias-estaduais-do-entorno-de-itapetinga-foram-desprezadas-pelo-governador\/","title":{"rendered":"RODOVIAS ESTADUAIS DO ENTORNO DE ITAPETINGA FORAM DESPREZADAS PELO GOVERNADOR"},"content":{"rendered":"<p><a href=\"https:\/\/www.sudoestehoje.com.br\/novoportal\/wp-content\/uploads\/2019\/10\/ba-263-1.jpg\"><img loading=\"lazy\" decoding=\"async\" class=\"aligncenter size-medium wp-image-83121\" src=\"https:\/\/www.sudoestehoje.com.br\/novoportal\/wp-content\/uploads\/2019\/10\/ba-263-1-500x375.jpg\" alt=\"\" width=\"500\" height=\"375\" srcset=\"https:\/\/www.sudoestehoje.com.br\/novoportal\/wp-content\/uploads\/2019\/10\/ba-263-1-500x375.jpg 500w, https:\/\/www.sudoestehoje.com.br\/novoportal\/wp-content\/uploads\/2019\/10\/ba-263-1-768x576.jpg 768w, https:\/\/www.sudoestehoje.com.br\/novoportal\/wp-content\/uploads\/2019\/10\/ba-263-1-700x525.jpg 700w, https:\/\/www.sudoestehoje.com.br\/novoportal\/wp-content\/uploads\/2019\/10\/ba-263-1.jpg 960w\" sizes=\"auto, (max-width: 500px) 100vw, 500px\" \/><\/a><\/p>\n<p>Localizada em uma regi\u00e3o de terras ricas e de pecu\u00e1ria forte, Itapetinga e cidades do seu entorno v\u00eam sofrendo com a falta aten\u00e7\u00e3o do governo do estado, no que se refere \u00e0 manuten\u00e7\u00e3o da estradas da regi\u00e3o.<\/p>\n<p>A principal delas, a BA-263, s\u00f3 recebe manuten\u00e7\u00e3o no trecho entre Itamb\u00e9 e Vit\u00f3ria da Conquista, que vem sendo &#8216;penteado&#8217; e &#8216;escovado&#8217; diariamente, para atender interesses de alguma empresa apadrinhada do governo; \u00e9 o que se comenta na regi\u00e3o.<\/p>\n<p>J\u00e1 o trecho que liga Itamb\u00e9 a Itapetinga e ao sul do estado, n\u00e3o h\u00e1 manuten\u00e7\u00e3o h\u00e1 mais de 5 anos. S\u00f3 tapa-buracos espor\u00e1dicos, que n\u00e3o duram 30 dias.<\/p>\n<p><a href=\"https:\/\/www.sudoestehoje.com.br\/novoportal\/wp-content\/uploads\/2019\/10\/estrada-mac.jpg\"><img loading=\"lazy\" decoding=\"async\" class=\"aligncenter size-medium wp-image-83122\" src=\"https:\/\/www.sudoestehoje.com.br\/novoportal\/wp-content\/uploads\/2019\/10\/estrada-mac-500x300.jpg\" alt=\"\" width=\"500\" height=\"300\" srcset=\"https:\/\/www.sudoestehoje.com.br\/novoportal\/wp-content\/uploads\/2019\/10\/estrada-mac-500x300.jpg 500w, https:\/\/www.sudoestehoje.com.br\/novoportal\/wp-content\/uploads\/2019\/10\/estrada-mac-768x461.jpg 768w, https:\/\/www.sudoestehoje.com.br\/novoportal\/wp-content\/uploads\/2019\/10\/estrada-mac-700x420.jpg 700w, https:\/\/www.sudoestehoje.com.br\/novoportal\/wp-content\/uploads\/2019\/10\/estrada-mac.jpg 960w\" sizes=\"auto, (max-width: 500px) 100vw, 500px\" \/><\/a><\/p>\n<p>O mesmo acontece com a estrada que liga Itapetinga a Maiquinique e Macarani, que est\u00e1 e peti\u00e7\u00e3o de mis\u00e9ria h\u00e1 anos. Parece at\u00e9 persegui\u00e7\u00e3o.<\/p>\n<p>A recupera\u00e7\u00e3o do trecho da BA-270, entre Itarantim e Maiquinique, n\u00e3o surtiu nenhum efeito, j\u00e1 que o maior fluxo de ve\u00edculos \u00e9 no sentido de Maiquinique para Itapetinga, via Mangerona, trecho que continua totalmente esburacado. At\u00e9 o asfalto j\u00e1 foi retirado.<\/p>\n<p>A recupera\u00e7\u00e3o do trecho entre o entroncamento do Mangerona e Macarani, entregue recentemente, nem precisava, pois estava em excelente estado, com exce\u00e7\u00e3o da parte urbana na entrada de Macarani.<\/p>\n<p><a href=\"https:\/\/www.sudoestehoje.com.br\/novoportal\/wp-content\/uploads\/2019\/10\/MAIQUINIQUE.jpg\"><img loading=\"lazy\" decoding=\"async\" class=\"aligncenter  wp-image-83123\" src=\"https:\/\/www.sudoestehoje.com.br\/novoportal\/wp-content\/uploads\/2019\/10\/MAIQUINIQUE.jpg\" alt=\"\" width=\"500\" height=\"375\" \/><\/a><\/p>\n<p>A desaten\u00e7\u00e3o do governador Rui Costa com Itapetinga \u00e9 preocupante e toma contornos de persegui\u00e7\u00e3o pol\u00edtica.<\/p>\n<p>\u00c9 preciso rever isso a\u00ed&#8230;<\/p>\n<p>Por Davi Ferraz<\/p>\n","protected":false},"excerpt":{"rendered":"<p>Localizada em uma regi\u00e3o de terras ricas e de pecu\u00e1ria forte, Itapetinga e cidades do seu entorno v\u00eam sofrendo com a falta aten\u00e7\u00e3o do governo do estado, no que se refere \u00e0 manuten\u00e7\u00e3o da estradas da regi\u00e3o. A principal delas, a BA-263, s\u00f3 recebe manuten\u00e7\u00e3o no trecho entre Itamb\u00e9 e Vit\u00f3ria da Conquista, que vem [&hellip;]<\/p>\n","protected":false},"author":2,"featured_media":83121,"comment_status":"open","ping_status":"open","sticky":false,"template":"","format":"standard","meta":{"footnotes":"","_links_to":"","_links_to_target":""},"categories":[1],"tags":[],"class_list":["post-83118","post","type-post","status-publish","format-standard","has-post-thumbnail","hentry","category-geral"],"views":943,"_links":{"self":[{"href":"https:\/\/www.sudoestehoje.com.br\/novoportal\/wp-json\/wp\/v2\/posts\/83118","targetHints":{"allow":["GET"]}}],"collection":[{"href":"https:\/\/www.sudoestehoje.com.br\/novoportal\/wp-json\/wp\/v2\/posts"}],"about":[{"href":"https:\/\/www.sudoestehoje.com.br\/novoportal\/wp-json\/wp\/v2\/types\/post"}],"author":[{"embeddable":true,"href":"https:\/\/www.sudoestehoje.com.br\/novoportal\/wp-json\/wp\/v2\/users\/2"}],"replies":[{"embeddable":true,"href":"https:\/\/www.sudoestehoje.com.br\/novoportal\/wp-json\/wp\/v2\/comments?post=83118"}],"version-history":[{"count":4,"href":"https:\/\/www.sudoestehoje.com.br\/novoportal\/wp-json\/wp\/v2\/posts\/83118\/revisions"}],"predecessor-version":[{"id":83125,"href":"https:\/\/www.sudoestehoje.com.br\/novoportal\/wp-json\/wp\/v2\/posts\/83118\/revisions\/83125"}],"wp:featuredmedia":[{"embeddable":true,"href":"https:\/\/www.sudoestehoje.com.br\/novoportal\/wp-json\/wp\/v2\/media\/83121"}],"wp:attachment":[{"href":"https:\/\/www.sudoestehoje.com.br\/novoportal\/wp-json\/wp\/v2\/media?parent=83118"}],"wp:term":[{"taxonomy":"category","embeddable":true,"href":"https:\/\/www.sudoestehoje.com.br\/novoportal\/wp-json\/wp\/v2\/categories?post=83118"},{"taxonomy":"post_tag","embeddable":true,"href":"https:\/\/www.sudoestehoje.com.br\/novoportal\/wp-json\/wp\/v2\/tags?post=83118"}],"curies":[{"name":"wp","href":"https:\/\/api.w.org\/{rel}","templated":true}]}}