
{"id":83110,"date":"2019-10-21T22:04:54","date_gmt":"2019-10-22T01:04:54","guid":{"rendered":"https:\/\/www.sudoestehoje.com.br\/novoportal\/?p=83110"},"modified":"2019-10-21T22:04:54","modified_gmt":"2019-10-22T01:04:54","slug":"itapetinga-obras-do-assai-estao-adiantadas","status":"publish","type":"post","link":"https:\/\/www.sudoestehoje.com.br\/novoportal\/2019\/10\/21\/itapetinga-obras-do-assai-estao-adiantadas\/","title":{"rendered":"ITAPETINGA: OBRAS DO ASSA\u00cd EST\u00c3O ADIANTADAS"},"content":{"rendered":"<p><a href=\"https:\/\/www.sudoestehoje.com.br\/novoportal\/wp-content\/uploads\/2019\/10\/OBRAS-ASSA\u00cd-ITAPETINGA.jpg\"><img loading=\"lazy\" decoding=\"async\" class=\"aligncenter size-medium wp-image-83112\" src=\"https:\/\/www.sudoestehoje.com.br\/novoportal\/wp-content\/uploads\/2019\/10\/OBRAS-ASSA\u00cd-ITAPETINGA-500x279.jpg\" alt=\"\" width=\"500\" height=\"279\" srcset=\"https:\/\/www.sudoestehoje.com.br\/novoportal\/wp-content\/uploads\/2019\/10\/OBRAS-ASSA\u00cd-ITAPETINGA-500x279.jpg 500w, https:\/\/www.sudoestehoje.com.br\/novoportal\/wp-content\/uploads\/2019\/10\/OBRAS-ASSA\u00cd-ITAPETINGA-768x428.jpg 768w, https:\/\/www.sudoestehoje.com.br\/novoportal\/wp-content\/uploads\/2019\/10\/OBRAS-ASSA\u00cd-ITAPETINGA-700x390.jpg 700w, https:\/\/www.sudoestehoje.com.br\/novoportal\/wp-content\/uploads\/2019\/10\/OBRAS-ASSA\u00cd-ITAPETINGA.jpg 960w\" sizes=\"auto, (max-width: 500px) 100vw, 500px\" \/><\/a><\/p>\n<p>As obras de constru\u00e7\u00e3o do Atacadistas Assa\u00ed, em Itapetinga, est\u00e3o adiantadas de acordo com o cronograma da construtora.<\/p>\n<p>Previsto para ser inaugurado em meados de dezembro deste ano, a data do anivers\u00e1rio de emancipa\u00e7\u00e3o do munic\u00edpio \u00e9 a mais prov\u00e1vel, j\u00e1 que o cronograma de constru\u00e7\u00e3o est\u00e1 adiantado em 3 dias, segundo representantes da empresa.<\/p>\n<p><a href=\"https:\/\/www.sudoestehoje.com.br\/novoportal\/wp-content\/uploads\/2019\/10\/ASSA\u00cd-HOJE.jpg\"><img loading=\"lazy\" decoding=\"async\" class=\"aligncenter size-medium wp-image-83113\" src=\"https:\/\/www.sudoestehoje.com.br\/novoportal\/wp-content\/uploads\/2019\/10\/ASSA\u00cd-HOJE-500x317.jpg\" alt=\"\" width=\"500\" height=\"317\" srcset=\"https:\/\/www.sudoestehoje.com.br\/novoportal\/wp-content\/uploads\/2019\/10\/ASSA\u00cd-HOJE-500x317.jpg 500w, https:\/\/www.sudoestehoje.com.br\/novoportal\/wp-content\/uploads\/2019\/10\/ASSA\u00cd-HOJE-768x486.jpg 768w, https:\/\/www.sudoestehoje.com.br\/novoportal\/wp-content\/uploads\/2019\/10\/ASSA\u00cd-HOJE-700x443.jpg 700w, https:\/\/www.sudoestehoje.com.br\/novoportal\/wp-content\/uploads\/2019\/10\/ASSA\u00cd-HOJE.jpg 960w\" sizes=\"auto, (max-width: 500px) 100vw, 500px\" \/><\/a><\/p>\n<p>Obras de alvearia, pisos do p\u00e1tio, estacionamento e cobertura seguem em ritmo acelerado.\u00a0<strong><em>Por Davi Ferraz\u00a0<\/em><\/strong><\/p>\n\n\t\t<style type=\"text\/css\">\n\t\t\t#gallery-1 {\n\t\t\t\tmargin: auto;\n\t\t\t}\n\t\t\t#gallery-1 .gallery-item {\n\t\t\t\tfloat: left;\n\t\t\t\tmargin-top: 10px;\n\t\t\t\ttext-align: center;\n\t\t\t\twidth: 33%;\n\t\t\t}\n\t\t\t#gallery-1 img {\n\t\t\t\tborder: 2px solid #cfcfcf;\n\t\t\t}\n\t\t\t#gallery-1 .gallery-caption {\n\t\t\t\tmargin-left: 0;\n\t\t\t}\n\t\t\t\/* see gallery_shortcode() in wp-includes\/media.php *\/\n\t\t<\/style>\n\t\t<div id='gallery-1' class='gallery galleryid-83110 gallery-columns-3 gallery-size-thumbnail'><dl class='gallery-item'>\n\t\t\t<dt class='gallery-icon landscape'>\n\t\t\t\t<a href='https:\/\/www.sudoestehoje.com.br\/novoportal\/2019\/10\/21\/itapetinga-obras-do-assai-estao-adiantadas\/assai-hoje-1\/'><img loading=\"lazy\" decoding=\"async\" width=\"150\" height=\"150\" src=\"https:\/\/www.sudoestehoje.com.br\/novoportal\/wp-content\/uploads\/2019\/10\/ASSAI-HOJE-1-150x150.jpg\" class=\"attachment-thumbnail size-thumbnail\" alt=\"\" \/><\/a>\n\t\t\t<\/dt><\/dl><dl class='gallery-item'>\n\t\t\t<dt class='gallery-icon landscape'>\n\t\t\t\t<a href='https:\/\/www.sudoestehoje.com.br\/novoportal\/2019\/10\/21\/itapetinga-obras-do-assai-estao-adiantadas\/assai-hoje-2\/'><img loading=\"lazy\" decoding=\"async\" width=\"150\" height=\"150\" src=\"https:\/\/www.sudoestehoje.com.br\/novoportal\/wp-content\/uploads\/2019\/10\/ASSAI-HOJE-2-150x150.jpg\" class=\"attachment-thumbnail size-thumbnail\" alt=\"\" \/><\/a>\n\t\t\t<\/dt><\/dl><dl class='gallery-item'>\n\t\t\t<dt class='gallery-icon landscape'>\n\t\t\t\t<a href='https:\/\/www.sudoestehoje.com.br\/novoportal\/2019\/10\/21\/itapetinga-obras-do-assai-estao-adiantadas\/assai-hoje-3\/'><img loading=\"lazy\" decoding=\"async\" width=\"150\" height=\"150\" src=\"https:\/\/www.sudoestehoje.com.br\/novoportal\/wp-content\/uploads\/2019\/10\/ASSAI-HOJE-3-150x150.jpg\" class=\"attachment-thumbnail size-thumbnail\" alt=\"\" \/><\/a>\n\t\t\t<\/dt><\/dl><br style=\"clear: both\" \/>\n\t\t<\/div>\n\n","protected":false},"excerpt":{"rendered":"<p>As obras de constru\u00e7\u00e3o do Atacadistas Assa\u00ed, em Itapetinga, est\u00e3o adiantadas de acordo com o cronograma da construtora. Previsto para ser inaugurado em meados de dezembro deste ano, a data do anivers\u00e1rio de emancipa\u00e7\u00e3o do munic\u00edpio \u00e9 a mais prov\u00e1vel, j\u00e1 que o cronograma de constru\u00e7\u00e3o est\u00e1 adiantado em 3 dias, segundo representantes da empresa. [&hellip;]<\/p>\n","protected":false},"author":2,"featured_media":83112,"comment_status":"open","ping_status":"open","sticky":false,"template":"","format":"standard","meta":{"footnotes":"","_links_to":"","_links_to_target":""},"categories":[1],"tags":[],"class_list":["post-83110","post","type-post","status-publish","format-standard","has-post-thumbnail","hentry","category-geral"],"views":1148,"_links":{"self":[{"href":"https:\/\/www.sudoestehoje.com.br\/novoportal\/wp-json\/wp\/v2\/posts\/83110","targetHints":{"allow":["GET"]}}],"collection":[{"href":"https:\/\/www.sudoestehoje.com.br\/novoportal\/wp-json\/wp\/v2\/posts"}],"about":[{"href":"https:\/\/www.sudoestehoje.com.br\/novoportal\/wp-json\/wp\/v2\/types\/post"}],"author":[{"embeddable":true,"href":"https:\/\/www.sudoestehoje.com.br\/novoportal\/wp-json\/wp\/v2\/users\/2"}],"replies":[{"embeddable":true,"href":"https:\/\/www.sudoestehoje.com.br\/novoportal\/wp-json\/wp\/v2\/comments?post=83110"}],"version-history":[{"count":2,"href":"https:\/\/www.sudoestehoje.com.br\/novoportal\/wp-json\/wp\/v2\/posts\/83110\/revisions"}],"predecessor-version":[{"id":83117,"href":"https:\/\/www.sudoestehoje.com.br\/novoportal\/wp-json\/wp\/v2\/posts\/83110\/revisions\/83117"}],"wp:featuredmedia":[{"embeddable":true,"href":"https:\/\/www.sudoestehoje.com.br\/novoportal\/wp-json\/wp\/v2\/media\/83112"}],"wp:attachment":[{"href":"https:\/\/www.sudoestehoje.com.br\/novoportal\/wp-json\/wp\/v2\/media?parent=83110"}],"wp:term":[{"taxonomy":"category","embeddable":true,"href":"https:\/\/www.sudoestehoje.com.br\/novoportal\/wp-json\/wp\/v2\/categories?post=83110"},{"taxonomy":"post_tag","embeddable":true,"href":"https:\/\/www.sudoestehoje.com.br\/novoportal\/wp-json\/wp\/v2\/tags?post=83110"}],"curies":[{"name":"wp","href":"https:\/\/api.w.org\/{rel}","templated":true}]}}