
{"id":83099,"date":"2019-10-20T21:14:30","date_gmt":"2019-10-21T00:14:30","guid":{"rendered":"https:\/\/www.sudoestehoje.com.br\/novoportal\/?p=83099"},"modified":"2019-10-20T21:37:35","modified_gmt":"2019-10-21T00:37:35","slug":"leonardo-matos-participa-da-primeira-missa-da-santa-dulce-dos-pobres-no-brasil","status":"publish","type":"post","link":"https:\/\/www.sudoestehoje.com.br\/novoportal\/2019\/10\/20\/leonardo-matos-participa-da-primeira-missa-da-santa-dulce-dos-pobres-no-brasil\/","title":{"rendered":"LEONARDO MATOS PARTICIPA DA PRIMEIRA MISSA DA &#8216;SANTA DULCE DOS POBRES&#8217; NO BRASIL"},"content":{"rendered":"<p><a href=\"https:\/\/www.sudoestehoje.com.br\/novoportal\/wp-content\/uploads\/2019\/10\/LEO-MISSA-2.jpg\"><img loading=\"lazy\" decoding=\"async\" class=\"aligncenter size-medium wp-image-83102\" src=\"https:\/\/www.sudoestehoje.com.br\/novoportal\/wp-content\/uploads\/2019\/10\/LEO-MISSA-2-500x375.jpg\" alt=\"\" width=\"500\" height=\"375\" srcset=\"https:\/\/www.sudoestehoje.com.br\/novoportal\/wp-content\/uploads\/2019\/10\/LEO-MISSA-2-500x375.jpg 500w, https:\/\/www.sudoestehoje.com.br\/novoportal\/wp-content\/uploads\/2019\/10\/LEO-MISSA-2-768x576.jpg 768w, https:\/\/www.sudoestehoje.com.br\/novoportal\/wp-content\/uploads\/2019\/10\/LEO-MISSA-2-700x525.jpg 700w, https:\/\/www.sudoestehoje.com.br\/novoportal\/wp-content\/uploads\/2019\/10\/LEO-MISSA-2.jpg 1280w\" sizes=\"auto, (max-width: 500px) 100vw, 500px\" \/><\/a><\/p>\n<p>O coordenador executivo da Federa\u00e7\u00e3o das Santas Casas, Hospitais e Entidades Filantr\u00f3picas do Estado da Bahia &#8211; FESFBA, o advogado itapetinguense Leonardo Matos, participou, neste domingo (20), da primeira celebra\u00e7\u00e3o no Brasil em homenagem \u00e0 Santa Dulce dos Pobres, na Arena Fonte Nova em Salvador.<\/p>\n<p>Leonardo acompanhou a celebra\u00e7\u00e3o presidida pelo Arcebispo Dom Murilo Kriger ao lado da coordenadora geral da Funda\u00e7\u00e3o Jos\u00e9 Silveira em Itapetinga, Ana B\u00e1rbara Matos, do deputado federal Ant\u00f4nio Brito, do ex-prefeito e vereador de Salvador Edvaldo Brito e do jovem Ant\u00f4nio Ali.<\/p>\n<p>A programa\u00e7\u00e3o contou com missa, espet\u00e1culo teatral sobre a vida da santa e atra\u00e7\u00f5es musicais. Irm\u00e3 Dulce foi canonizada no \u00faltimo domingo (13), no Vaticano.<\/p>\n<p><a href=\"https:\/\/www.sudoestehoje.com.br\/novoportal\/wp-content\/uploads\/2019\/10\/LEO-MISSA-1.jpg\"><img loading=\"lazy\" decoding=\"async\" class=\"aligncenter size-medium wp-image-83101\" src=\"https:\/\/www.sudoestehoje.com.br\/novoportal\/wp-content\/uploads\/2019\/10\/LEO-MISSA-1-500x375.jpg\" alt=\"\" width=\"500\" height=\"375\" srcset=\"https:\/\/www.sudoestehoje.com.br\/novoportal\/wp-content\/uploads\/2019\/10\/LEO-MISSA-1-500x375.jpg 500w, https:\/\/www.sudoestehoje.com.br\/novoportal\/wp-content\/uploads\/2019\/10\/LEO-MISSA-1-768x576.jpg 768w, https:\/\/www.sudoestehoje.com.br\/novoportal\/wp-content\/uploads\/2019\/10\/LEO-MISSA-1-700x525.jpg 700w, https:\/\/www.sudoestehoje.com.br\/novoportal\/wp-content\/uploads\/2019\/10\/LEO-MISSA-1.jpg 1280w\" sizes=\"auto, (max-width: 500px) 100vw, 500px\" \/><\/a><\/p>\n<p><em>\u201dF\u00e9 e emo\u00e7\u00e3o marcaram a celebra\u00e7\u00e3o. Foi uma honra muito grande presenciar esse momento especial. O nosso Anjo Bom da Bahia ser\u00e1 sempre lembrado como um exemplo de caridade. Santa Dulce dos Pobres rogai por n\u00f3s!\u201d<\/em>, disse emocionado Leonardo Matos.<\/p>\n<p><a href=\"https:\/\/www.sudoestehoje.com.br\/novoportal\/wp-content\/uploads\/2019\/10\/CONTAS-ATRASO.jpg\"><img loading=\"lazy\" decoding=\"async\" class=\"aligncenter size-medium wp-image-82807\" src=\"https:\/\/www.sudoestehoje.com.br\/novoportal\/wp-content\/uploads\/2019\/10\/CONTAS-ATRASO-500x143.jpg\" alt=\"\" width=\"500\" height=\"143\" srcset=\"https:\/\/www.sudoestehoje.com.br\/novoportal\/wp-content\/uploads\/2019\/10\/CONTAS-ATRASO-500x143.jpg 500w, https:\/\/www.sudoestehoje.com.br\/novoportal\/wp-content\/uploads\/2019\/10\/CONTAS-ATRASO-700x200.jpg 700w, https:\/\/www.sudoestehoje.com.br\/novoportal\/wp-content\/uploads\/2019\/10\/CONTAS-ATRASO.jpg 730w\" sizes=\"auto, (max-width: 500px) 100vw, 500px\" \/><\/a><\/p>\n","protected":false},"excerpt":{"rendered":"<p>O coordenador executivo da Federa\u00e7\u00e3o das Santas Casas, Hospitais e Entidades Filantr\u00f3picas do Estado da Bahia &#8211; FESFBA, o advogado itapetinguense Leonardo Matos, participou, neste domingo (20), da primeira celebra\u00e7\u00e3o no Brasil em homenagem \u00e0 Santa Dulce dos Pobres, na Arena Fonte Nova em Salvador. Leonardo acompanhou a celebra\u00e7\u00e3o presidida pelo Arcebispo Dom Murilo Kriger [&hellip;]<\/p>\n","protected":false},"author":2,"featured_media":83101,"comment_status":"open","ping_status":"open","sticky":false,"template":"","format":"standard","meta":{"footnotes":"","_links_to":"","_links_to_target":""},"categories":[1],"tags":[],"class_list":["post-83099","post","type-post","status-publish","format-standard","has-post-thumbnail","hentry","category-geral"],"views":813,"_links":{"self":[{"href":"https:\/\/www.sudoestehoje.com.br\/novoportal\/wp-json\/wp\/v2\/posts\/83099","targetHints":{"allow":["GET"]}}],"collection":[{"href":"https:\/\/www.sudoestehoje.com.br\/novoportal\/wp-json\/wp\/v2\/posts"}],"about":[{"href":"https:\/\/www.sudoestehoje.com.br\/novoportal\/wp-json\/wp\/v2\/types\/post"}],"author":[{"embeddable":true,"href":"https:\/\/www.sudoestehoje.com.br\/novoportal\/wp-json\/wp\/v2\/users\/2"}],"replies":[{"embeddable":true,"href":"https:\/\/www.sudoestehoje.com.br\/novoportal\/wp-json\/wp\/v2\/comments?post=83099"}],"version-history":[{"count":5,"href":"https:\/\/www.sudoestehoje.com.br\/novoportal\/wp-json\/wp\/v2\/posts\/83099\/revisions"}],"predecessor-version":[{"id":83106,"href":"https:\/\/www.sudoestehoje.com.br\/novoportal\/wp-json\/wp\/v2\/posts\/83099\/revisions\/83106"}],"wp:featuredmedia":[{"embeddable":true,"href":"https:\/\/www.sudoestehoje.com.br\/novoportal\/wp-json\/wp\/v2\/media\/83101"}],"wp:attachment":[{"href":"https:\/\/www.sudoestehoje.com.br\/novoportal\/wp-json\/wp\/v2\/media?parent=83099"}],"wp:term":[{"taxonomy":"category","embeddable":true,"href":"https:\/\/www.sudoestehoje.com.br\/novoportal\/wp-json\/wp\/v2\/categories?post=83099"},{"taxonomy":"post_tag","embeddable":true,"href":"https:\/\/www.sudoestehoje.com.br\/novoportal\/wp-json\/wp\/v2\/tags?post=83099"}],"curies":[{"name":"wp","href":"https:\/\/api.w.org\/{rel}","templated":true}]}}