
{"id":83082,"date":"2019-10-19T18:35:25","date_gmt":"2019-10-19T21:35:25","guid":{"rendered":"https:\/\/www.sudoestehoje.com.br\/novoportal\/?p=83082"},"modified":"2019-10-19T18:38:26","modified_gmt":"2019-10-19T21:38:26","slug":"caatiba-prefeita-tania-ribeiro-entrega-barracas-padronizadas-para-feirantes-do-municipio","status":"publish","type":"post","link":"https:\/\/www.sudoestehoje.com.br\/novoportal\/2019\/10\/19\/caatiba-prefeita-tania-ribeiro-entrega-barracas-padronizadas-para-feirantes-do-municipio\/","title":{"rendered":"CAATIBA: PREFEITA T\u00c2NIA RIBEIRO ENTREGA BARRACAS PADRONIZADAS PARA FEIRANTES DO MUNIC\u00cdPIO"},"content":{"rendered":"<p><a href=\"https:\/\/www.sudoestehoje.com.br\/novoportal\/wp-content\/uploads\/2019\/10\/barraca-2.jpg\"><img loading=\"lazy\" decoding=\"async\" class=\"aligncenter size-medium wp-image-83084\" src=\"https:\/\/www.sudoestehoje.com.br\/novoportal\/wp-content\/uploads\/2019\/10\/barraca-2-500x333.jpg\" alt=\"\" width=\"500\" height=\"333\" srcset=\"https:\/\/www.sudoestehoje.com.br\/novoportal\/wp-content\/uploads\/2019\/10\/barraca-2-500x333.jpg 500w, https:\/\/www.sudoestehoje.com.br\/novoportal\/wp-content\/uploads\/2019\/10\/barraca-2-768x512.jpg 768w, https:\/\/www.sudoestehoje.com.br\/novoportal\/wp-content\/uploads\/2019\/10\/barraca-2-700x467.jpg 700w, https:\/\/www.sudoestehoje.com.br\/novoportal\/wp-content\/uploads\/2019\/10\/barraca-2.jpg 960w\" sizes=\"auto, (max-width: 500px) 100vw, 500px\" \/><\/a><\/p>\n<p>A feira livre do munic\u00edpio de Caatiba agora ter\u00e1 cara nova com as barracas padronizadas; aquisi\u00e7\u00e3o atrav\u00e9s da Secretaria de Desenvolvimento Rural- SDR e por interm\u00e9dio do Deputado Federal Jos\u00e9 Nunes, que em parceria com a Prefeitura de Caatiba beneficiar\u00e1 diversos feirantes da regi\u00e3o.<\/p>\n<p><a href=\"https:\/\/www.sudoestehoje.com.br\/novoportal\/wp-content\/uploads\/2019\/10\/barraca-1.jpg\"><img loading=\"lazy\" decoding=\"async\" class=\"aligncenter size-medium wp-image-83083\" src=\"https:\/\/www.sudoestehoje.com.br\/novoportal\/wp-content\/uploads\/2019\/10\/barraca-1-500x333.jpg\" alt=\"\" width=\"500\" height=\"333\" srcset=\"https:\/\/www.sudoestehoje.com.br\/novoportal\/wp-content\/uploads\/2019\/10\/barraca-1-500x333.jpg 500w, https:\/\/www.sudoestehoje.com.br\/novoportal\/wp-content\/uploads\/2019\/10\/barraca-1-768x512.jpg 768w, https:\/\/www.sudoestehoje.com.br\/novoportal\/wp-content\/uploads\/2019\/10\/barraca-1-700x467.jpg 700w, https:\/\/www.sudoestehoje.com.br\/novoportal\/wp-content\/uploads\/2019\/10\/barraca-1.jpg 960w\" sizes=\"auto, (max-width: 500px) 100vw, 500px\" \/><\/a><\/p>\n<p>Para oficializar a obten\u00e7\u00e3o das barracas, a prefeita T\u00e2nia Ribeiro em companhia do vice Paulo\u00a0<span class=\"text_exposed_show\">Paiva esteve reunida com sua equipe de trabalho, com vereadores e com os agricultores do munic\u00edpio, na tarde desta sexta- feira (18), para anunciar a distribui\u00e7\u00e3o das barracas aos feirantes, que a partir dessa benfeitoria poder\u00e3o comercializar seus produtos de maneira mais organizada e com melhores condi\u00e7\u00f5es de higiene, o que agregar\u00e1 valores aos seus itens agr\u00edcolas.<\/span><\/p>\n<p><a href=\"https:\/\/www.sudoestehoje.com.br\/novoportal\/wp-content\/uploads\/2019\/10\/barraca-4.jpg\"><img loading=\"lazy\" decoding=\"async\" class=\"aligncenter size-medium wp-image-83086\" src=\"https:\/\/www.sudoestehoje.com.br\/novoportal\/wp-content\/uploads\/2019\/10\/barraca-4-500x333.jpg\" alt=\"\" width=\"500\" height=\"333\" srcset=\"https:\/\/www.sudoestehoje.com.br\/novoportal\/wp-content\/uploads\/2019\/10\/barraca-4-500x333.jpg 500w, https:\/\/www.sudoestehoje.com.br\/novoportal\/wp-content\/uploads\/2019\/10\/barraca-4-768x512.jpg 768w, https:\/\/www.sudoestehoje.com.br\/novoportal\/wp-content\/uploads\/2019\/10\/barraca-4-700x467.jpg 700w, https:\/\/www.sudoestehoje.com.br\/novoportal\/wp-content\/uploads\/2019\/10\/barraca-4.jpg 960w\" sizes=\"auto, (max-width: 500px) 100vw, 500px\" \/><\/a><\/p>\n<p><span class=\"text_exposed_show\">Al\u00e9m de d\u00e1 uma est\u00e9tica mais bonita ao local destinado a feira livre, essa importante a\u00e7\u00e3o ainda tem como finalidade desenvolver pr\u00e1ticas que fortale\u00e7am a inclus\u00e3o produtiva dos agricultores familiares, que facilitem os processos de produ\u00e7\u00e3o e comercializa\u00e7\u00e3o. \/\/Ascom<\/span>&#8211;\u00a0<a class=\"profileLink\" title=\"Caatiba Bahia\" href=\"https:\/\/www.facebook.com\/ascomcaatiba.ascom.7?__tn__=%2CdK-R-R&amp;eid=ARBQhNvF2wQ_HgcUtNqVX-J6RN0HuV7ZuKrLoswPR0gRROz58uXvCjvOXnNPD8c478OCgn902VDmwS7s&amp;fref=mentions\" data-hovercard=\"\/ajax\/hovercard\/user.php?id=100015971282217&amp;extragetparams=%7B%22__tn__%22%3A%22%2CdK-R-R%22%2C%22eid%22%3A%22ARBQhNvF2wQ_HgcUtNqVX-J6RN0HuV7ZuKrLoswPR0gRROz58uXvCjvOXnNPD8c478OCgn902VDmwS7s%22%2C%22fref%22%3A%22mentions%22%7D\" data-hovercard-prefer-more-content-show=\"1\">Caatiba .<\/a><\/p>\n\n\t\t<style type=\"text\/css\">\n\t\t\t#gallery-1 {\n\t\t\t\tmargin: auto;\n\t\t\t}\n\t\t\t#gallery-1 .gallery-item {\n\t\t\t\tfloat: left;\n\t\t\t\tmargin-top: 10px;\n\t\t\t\ttext-align: center;\n\t\t\t\twidth: 33%;\n\t\t\t}\n\t\t\t#gallery-1 img {\n\t\t\t\tborder: 2px solid #cfcfcf;\n\t\t\t}\n\t\t\t#gallery-1 .gallery-caption {\n\t\t\t\tmargin-left: 0;\n\t\t\t}\n\t\t\t\/* see gallery_shortcode() in wp-includes\/media.php *\/\n\t\t<\/style>\n\t\t<div id='gallery-1' class='gallery galleryid-83082 gallery-columns-3 gallery-size-thumbnail'><dl class='gallery-item'>\n\t\t\t<dt class='gallery-icon landscape'>\n\t\t\t\t<a href='https:\/\/www.sudoestehoje.com.br\/novoportal\/2019\/10\/19\/caatiba-prefeita-tania-ribeiro-entrega-barracas-padronizadas-para-feirantes-do-municipio\/barraca-5-2\/'><img loading=\"lazy\" decoding=\"async\" width=\"150\" height=\"150\" src=\"https:\/\/www.sudoestehoje.com.br\/novoportal\/wp-content\/uploads\/2019\/10\/barraca-5-150x150.jpg\" class=\"attachment-thumbnail size-thumbnail\" alt=\"\" \/><\/a>\n\t\t\t<\/dt><\/dl><dl class='gallery-item'>\n\t\t\t<dt class='gallery-icon landscape'>\n\t\t\t\t<a href='https:\/\/www.sudoestehoje.com.br\/novoportal\/2019\/10\/19\/caatiba-prefeita-tania-ribeiro-entrega-barracas-padronizadas-para-feirantes-do-municipio\/barraca-6-2\/'><img loading=\"lazy\" decoding=\"async\" width=\"150\" height=\"150\" src=\"https:\/\/www.sudoestehoje.com.br\/novoportal\/wp-content\/uploads\/2019\/10\/barraca-6-150x150.jpg\" class=\"attachment-thumbnail size-thumbnail\" alt=\"\" \/><\/a>\n\t\t\t<\/dt><\/dl><dl class='gallery-item'>\n\t\t\t<dt class='gallery-icon landscape'>\n\t\t\t\t<a href='https:\/\/www.sudoestehoje.com.br\/novoportal\/2019\/10\/19\/caatiba-prefeita-tania-ribeiro-entrega-barracas-padronizadas-para-feirantes-do-municipio\/barraca-3-2\/'><img loading=\"lazy\" decoding=\"async\" width=\"150\" height=\"150\" src=\"https:\/\/www.sudoestehoje.com.br\/novoportal\/wp-content\/uploads\/2019\/10\/barraca-3-150x150.jpg\" class=\"attachment-thumbnail size-thumbnail\" alt=\"\" \/><\/a>\n\t\t\t<\/dt><\/dl><br style=\"clear: both\" \/>\n\t\t<\/div>\n\n","protected":false},"excerpt":{"rendered":"<p>A feira livre do munic\u00edpio de Caatiba agora ter\u00e1 cara nova com as barracas padronizadas; aquisi\u00e7\u00e3o atrav\u00e9s da Secretaria de Desenvolvimento Rural- SDR e por interm\u00e9dio do Deputado Federal Jos\u00e9 Nunes, que em parceria com a Prefeitura de Caatiba beneficiar\u00e1 diversos feirantes da regi\u00e3o. Para oficializar a obten\u00e7\u00e3o das barracas, a prefeita T\u00e2nia Ribeiro em [&hellip;]<\/p>\n","protected":false},"author":2,"featured_media":83084,"comment_status":"open","ping_status":"open","sticky":false,"template":"","format":"standard","meta":{"footnotes":"","_links_to":"","_links_to_target":""},"categories":[1],"tags":[],"class_list":["post-83082","post","type-post","status-publish","format-standard","has-post-thumbnail","hentry","category-geral"],"views":1435,"_links":{"self":[{"href":"https:\/\/www.sudoestehoje.com.br\/novoportal\/wp-json\/wp\/v2\/posts\/83082","targetHints":{"allow":["GET"]}}],"collection":[{"href":"https:\/\/www.sudoestehoje.com.br\/novoportal\/wp-json\/wp\/v2\/posts"}],"about":[{"href":"https:\/\/www.sudoestehoje.com.br\/novoportal\/wp-json\/wp\/v2\/types\/post"}],"author":[{"embeddable":true,"href":"https:\/\/www.sudoestehoje.com.br\/novoportal\/wp-json\/wp\/v2\/users\/2"}],"replies":[{"embeddable":true,"href":"https:\/\/www.sudoestehoje.com.br\/novoportal\/wp-json\/wp\/v2\/comments?post=83082"}],"version-history":[{"count":2,"href":"https:\/\/www.sudoestehoje.com.br\/novoportal\/wp-json\/wp\/v2\/posts\/83082\/revisions"}],"predecessor-version":[{"id":83091,"href":"https:\/\/www.sudoestehoje.com.br\/novoportal\/wp-json\/wp\/v2\/posts\/83082\/revisions\/83091"}],"wp:featuredmedia":[{"embeddable":true,"href":"https:\/\/www.sudoestehoje.com.br\/novoportal\/wp-json\/wp\/v2\/media\/83084"}],"wp:attachment":[{"href":"https:\/\/www.sudoestehoje.com.br\/novoportal\/wp-json\/wp\/v2\/media?parent=83082"}],"wp:term":[{"taxonomy":"category","embeddable":true,"href":"https:\/\/www.sudoestehoje.com.br\/novoportal\/wp-json\/wp\/v2\/categories?post=83082"},{"taxonomy":"post_tag","embeddable":true,"href":"https:\/\/www.sudoestehoje.com.br\/novoportal\/wp-json\/wp\/v2\/tags?post=83082"}],"curies":[{"name":"wp","href":"https:\/\/api.w.org\/{rel}","templated":true}]}}