
{"id":83078,"date":"2019-10-18T23:59:05","date_gmt":"2019-10-19T02:59:05","guid":{"rendered":"https:\/\/www.sudoestehoje.com.br\/novoportal\/?p=83078"},"modified":"2019-10-19T01:12:33","modified_gmt":"2019-10-19T04:12:33","slug":"sabado-sera-dia-d-de-vacinacao-contra-sarampo-e-poliomelite-em-todo-o-brasil","status":"publish","type":"post","link":"https:\/\/www.sudoestehoje.com.br\/novoportal\/2019\/10\/18\/sabado-sera-dia-d-de-vacinacao-contra-sarampo-e-poliomelite-em-todo-o-brasil\/","title":{"rendered":"S\u00c1BADO SER\u00c1 &#8216;DIA D&#8217; DE VACINA\u00c7\u00c3O CONTRA SARAMPO E POLIOMELITE EM TODO O BRASIL"},"content":{"rendered":"<div id=\"attachment_83079\" style=\"width: 510px\" class=\"wp-caption aligncenter\"><a href=\"https:\/\/www.sudoestehoje.com.br\/novoportal\/wp-content\/uploads\/2019\/10\/VACINA-SARAMPO.jpg\"><img loading=\"lazy\" decoding=\"async\" aria-describedby=\"caption-attachment-83079\" class=\"size-medium wp-image-83079\" src=\"https:\/\/www.sudoestehoje.com.br\/novoportal\/wp-content\/uploads\/2019\/10\/VACINA-SARAMPO-500x333.jpg\" alt=\"\" width=\"500\" height=\"333\" srcset=\"https:\/\/www.sudoestehoje.com.br\/novoportal\/wp-content\/uploads\/2019\/10\/VACINA-SARAMPO-500x333.jpg 500w, https:\/\/www.sudoestehoje.com.br\/novoportal\/wp-content\/uploads\/2019\/10\/VACINA-SARAMPO-768x512.jpg 768w, https:\/\/www.sudoestehoje.com.br\/novoportal\/wp-content\/uploads\/2019\/10\/VACINA-SARAMPO-700x467.jpg 700w, https:\/\/www.sudoestehoje.com.br\/novoportal\/wp-content\/uploads\/2019\/10\/VACINA-SARAMPO.jpg 1140w\" sizes=\"auto, (max-width: 500px) 100vw, 500px\" \/><\/a><p id=\"caption-attachment-83079\" class=\"wp-caption-text\"><strong><em>Dia D de mobiliza\u00e7\u00e3o da Campanha Nacional de Vacina\u00e7\u00e3o contra a Poliomielite e Sarampo.<\/em><\/strong><\/p><\/div>\n<p>Neste s\u00e1bado (19), ser\u00e1 realizado em todo o pa\u00eds o Dia D de vacina\u00e7\u00e3o contra o sarampo. A data \u00e9 uma mobiliza\u00e7\u00e3o para estimular pessoas a se imunizarem contra a doen\u00e7a, cujos casos v\u00eam crescendo no pa\u00eds nos \u00faltimos meses. Postos de sa\u00fade estar\u00e3o abertos para receber os interessados em\u00a0se proteger\u00a0contra o sarampo ou que n\u00e3o tenham tomado todas as doses.<\/p>\n<p>O Dia D\u00a0faz parte da\u00a0<a href=\"http:\/\/agenciabrasil.ebc.com.br\/saude\/noticia\/2019-10\/campanha-nacional-de-vacinacao-contra-o-sarampo-comeca-segunda-feira\" target=\"_blank\" rel=\"noopener noreferrer\">Campanha Nacional de Vacina\u00e7\u00e3o contra o Sarampo<\/a>, lan\u00e7ada no dia 7 de outubro pelo Minist\u00e9rio da Sa\u00fade, em parceria com secretarias estaduais e municipais.<\/p>\n<p>A mobiliza\u00e7\u00e3o nacional de amanh\u00e3 integra a primeira fase da campanha, at\u00e9 25 de outubro, voltada a crian\u00e7as com idade entre 6\u00a0meses e 4 anos. Os beb\u00eas de at\u00e9 1 ano apresentam coeficiente de incid\u00eancia da doen\u00e7a de 92,3 a cada 100 mil habitantes, 12 vezes maior do que as demais faixas.<\/p>\n<p>Na segunda etapa, programada para o per\u00edodo entre 18 e 30 de novembro, o foco ser\u00e1 em pessoas de 20 a 29 anos. Essa faixa inclui a maioria do n\u00famero de casos confirmados da doen\u00e7a, com 1.694, embora com coeficiente menor (13,2 casos a cada 100 mil habitantes) devido ao n\u00famero de brasileiros nessa faixa de idade.<\/p>\n<p>Devem ser vacinados os beb\u00eas de seis meses a 1 ano, que tomar\u00e3o a chamada \u201cdose 0\u201d. As crian\u00e7as de 1 a 5 anos devem receber duas doses, uma aos 12 meses e outra aos 15 meses. Em caso de aplica\u00e7\u00e3o de apenas uma das doses, \u00e9 preciso se dirigir aos postos para realizar o complemento da segunda.<\/p>\n<p>O objetivo \u00e9 vacinar 39 milh\u00f5es de pessoas ao longo da campanha, cerca de 20% dos brasileiros. Foram disponibilizadas neste ano 60,2 milh\u00f5es de doses da tr\u00edplice viral, que imuniza contra sarampo, caxumba e rub\u00e9ola. Para o pr\u00f3ximo ano, o minist\u00e9rio anunciou a aquisi\u00e7\u00e3o de mais 65,2 milh\u00f5es de doses. O p\u00fablico-alvo ser\u00e1 ampliado, abrangendo tamb\u00e9m as faixas de 50 a 59 anos.<\/p>\n<p>Agencia Brasil<\/p>\n","protected":false},"excerpt":{"rendered":"<p>Neste s\u00e1bado (19), ser\u00e1 realizado em todo o pa\u00eds o Dia D de vacina\u00e7\u00e3o contra o sarampo. A data \u00e9 uma mobiliza\u00e7\u00e3o para estimular pessoas a se imunizarem contra a doen\u00e7a, cujos casos v\u00eam crescendo no pa\u00eds nos \u00faltimos meses. Postos de sa\u00fade estar\u00e3o abertos para receber os interessados em\u00a0se proteger\u00a0contra o sarampo ou que [&hellip;]<\/p>\n","protected":false},"author":2,"featured_media":83079,"comment_status":"open","ping_status":"open","sticky":false,"template":"","format":"standard","meta":{"footnotes":"","_links_to":"","_links_to_target":""},"categories":[1],"tags":[],"class_list":["post-83078","post","type-post","status-publish","format-standard","has-post-thumbnail","hentry","category-geral"],"views":770,"_links":{"self":[{"href":"https:\/\/www.sudoestehoje.com.br\/novoportal\/wp-json\/wp\/v2\/posts\/83078","targetHints":{"allow":["GET"]}}],"collection":[{"href":"https:\/\/www.sudoestehoje.com.br\/novoportal\/wp-json\/wp\/v2\/posts"}],"about":[{"href":"https:\/\/www.sudoestehoje.com.br\/novoportal\/wp-json\/wp\/v2\/types\/post"}],"author":[{"embeddable":true,"href":"https:\/\/www.sudoestehoje.com.br\/novoportal\/wp-json\/wp\/v2\/users\/2"}],"replies":[{"embeddable":true,"href":"https:\/\/www.sudoestehoje.com.br\/novoportal\/wp-json\/wp\/v2\/comments?post=83078"}],"version-history":[{"count":2,"href":"https:\/\/www.sudoestehoje.com.br\/novoportal\/wp-json\/wp\/v2\/posts\/83078\/revisions"}],"predecessor-version":[{"id":83081,"href":"https:\/\/www.sudoestehoje.com.br\/novoportal\/wp-json\/wp\/v2\/posts\/83078\/revisions\/83081"}],"wp:featuredmedia":[{"embeddable":true,"href":"https:\/\/www.sudoestehoje.com.br\/novoportal\/wp-json\/wp\/v2\/media\/83079"}],"wp:attachment":[{"href":"https:\/\/www.sudoestehoje.com.br\/novoportal\/wp-json\/wp\/v2\/media?parent=83078"}],"wp:term":[{"taxonomy":"category","embeddable":true,"href":"https:\/\/www.sudoestehoje.com.br\/novoportal\/wp-json\/wp\/v2\/categories?post=83078"},{"taxonomy":"post_tag","embeddable":true,"href":"https:\/\/www.sudoestehoje.com.br\/novoportal\/wp-json\/wp\/v2\/tags?post=83078"}],"curies":[{"name":"wp","href":"https:\/\/api.w.org\/{rel}","templated":true}]}}