
{"id":83071,"date":"2019-10-03T22:18:05","date_gmt":"2019-10-04T01:18:05","guid":{"rendered":"https:\/\/www.sudoestehoje.com.br\/novoportal\/?p=83071"},"modified":"2019-10-18T22:24:52","modified_gmt":"2019-10-19T01:24:52","slug":"pedro-tavares-questiona-interesse-da-prefeitura-e-do-governo-na-estrada-do-chocolate-em-ilheus-e-pede-que-seja-revogada-desapropriacao-para-construcao-de-presidio","status":"publish","type":"post","link":"https:\/\/www.sudoestehoje.com.br\/novoportal\/2019\/10\/03\/pedro-tavares-questiona-interesse-da-prefeitura-e-do-governo-na-estrada-do-chocolate-em-ilheus-e-pede-que-seja-revogada-desapropriacao-para-construcao-de-presidio\/","title":{"rendered":"PEDRO TAVARES QUESTIONA INTERESSE DA PREFEITURA E DO GOVERNO NA ESTRADA DO CHOCOLATE EM ILH\u00c9US E PEDE QUE SEJA REVOGADA DESAPROPRIA\u00c7\u00c3O PARA CONSTRU\u00c7\u00c3O DE PRES\u00cdDIO"},"content":{"rendered":"<p><a href=\"https:\/\/www.sudoestehoje.com.br\/novoportal\/wp-content\/uploads\/2019\/10\/PEDRO-VOLTA-A....jpg\"><img loading=\"lazy\" decoding=\"async\" class=\"aligncenter size-medium wp-image-83072\" src=\"https:\/\/www.sudoestehoje.com.br\/novoportal\/wp-content\/uploads\/2019\/10\/PEDRO-VOLTA-A...-500x282.jpg\" alt=\"\" width=\"500\" height=\"282\" srcset=\"https:\/\/www.sudoestehoje.com.br\/novoportal\/wp-content\/uploads\/2019\/10\/PEDRO-VOLTA-A...-500x282.jpg 500w, https:\/\/www.sudoestehoje.com.br\/novoportal\/wp-content\/uploads\/2019\/10\/PEDRO-VOLTA-A....jpg 696w\" sizes=\"auto, (max-width: 500px) 100vw, 500px\" \/><\/a><\/p>\n<p>O deputado estadual Pedro Tavares (DEM), voltou a se manifestar contra a defini\u00e7\u00e3o do local para a constru\u00e7\u00e3o do pres\u00eddio em Ilh\u00e9us e questionou o interesse da Prefeitura Municipal e do Governo do estado no projeto da Estrada do Chocolate. Demonstrando preocupa\u00e7\u00e3o com o turismo ilheense e com o desenvolvimento econ\u00f4mico da cidade, o parlamentar classificou como equivocada, a decis\u00e3o da Prefeitura em ter publicado no Di\u00e1rio Oficial, uma declara\u00e7\u00e3o de utilidade p\u00fablica para desapropria\u00e7\u00e3o de uma \u00e1rea de 165 mil m\u00b2, as margens da BA-262 para a obra do pres\u00eddio. Ele lembrou que nessa rodovia, o Governo tinha prometido a implanta\u00e7\u00e3o da Estrada do Chocolate para movimentar o turismo, aproveitando as belezas naturais e a produ\u00e7\u00e3o do chocolate, no munic\u00edpio.<\/p>\n<p>O deputado fez um apelo a gest\u00e3o municipal e ao Governo. \u201cPe\u00e7o que a Prefeitura repense essa atitude e revogue o ato, estudando um novo local com o Governo do estado. Se dessa forma n\u00e3o proceder para a popula\u00e7\u00e3o ficar\u00e1 comprovado que a Prefeitura e o Governo n\u00e3o t\u00eam compromisso com a implanta\u00e7\u00e3o da Estrada do Chocolate, pois n\u00e3o se pode colocar um pres\u00eddio em uma \u00e1rea tur\u00edstica\u201d, condenou.<\/p>\n<p>Tavares ressaltou mais uma vez, que n\u00e3o\u00a0iria entrar no m\u00e9rito de ser\u00a0contra\u00a0ou a favor da\u00a0obra, mas ao local definido pela Prefeitura. \u00a0\u201cA zona norte de Ilh\u00e9us que tanto esperava um investimento, quando surge uma perspectiva positiva, como a Estrada do Chocolate que poderia dinamizar mais o turismo da cidade, logo em seguida vem essa p\u00e9ssima not\u00edcia em torno da desapropria\u00e7\u00e3o da \u00e1rea para edificar uma pris\u00e3o, fato lament\u00e1vel\u201d, criticou, apelando para que o Governo e a Prefeitura reavaliem a decis\u00e3o.<\/p>\n","protected":false},"excerpt":{"rendered":"<p>O deputado estadual Pedro Tavares (DEM), voltou a se manifestar contra a defini\u00e7\u00e3o do local para a constru\u00e7\u00e3o do pres\u00eddio em Ilh\u00e9us e questionou o interesse da Prefeitura Municipal e do Governo do estado no projeto da Estrada do Chocolate. Demonstrando preocupa\u00e7\u00e3o com o turismo ilheense e com o desenvolvimento econ\u00f4mico da cidade, o parlamentar [&hellip;]<\/p>\n","protected":false},"author":2,"featured_media":83072,"comment_status":"open","ping_status":"open","sticky":false,"template":"","format":"standard","meta":{"footnotes":"","_links_to":"","_links_to_target":""},"categories":[1],"tags":[],"class_list":["post-83071","post","type-post","status-publish","format-standard","has-post-thumbnail","hentry","category-geral"],"views":805,"_links":{"self":[{"href":"https:\/\/www.sudoestehoje.com.br\/novoportal\/wp-json\/wp\/v2\/posts\/83071","targetHints":{"allow":["GET"]}}],"collection":[{"href":"https:\/\/www.sudoestehoje.com.br\/novoportal\/wp-json\/wp\/v2\/posts"}],"about":[{"href":"https:\/\/www.sudoestehoje.com.br\/novoportal\/wp-json\/wp\/v2\/types\/post"}],"author":[{"embeddable":true,"href":"https:\/\/www.sudoestehoje.com.br\/novoportal\/wp-json\/wp\/v2\/users\/2"}],"replies":[{"embeddable":true,"href":"https:\/\/www.sudoestehoje.com.br\/novoportal\/wp-json\/wp\/v2\/comments?post=83071"}],"version-history":[{"count":2,"href":"https:\/\/www.sudoestehoje.com.br\/novoportal\/wp-json\/wp\/v2\/posts\/83071\/revisions"}],"predecessor-version":[{"id":83074,"href":"https:\/\/www.sudoestehoje.com.br\/novoportal\/wp-json\/wp\/v2\/posts\/83071\/revisions\/83074"}],"wp:featuredmedia":[{"embeddable":true,"href":"https:\/\/www.sudoestehoje.com.br\/novoportal\/wp-json\/wp\/v2\/media\/83072"}],"wp:attachment":[{"href":"https:\/\/www.sudoestehoje.com.br\/novoportal\/wp-json\/wp\/v2\/media?parent=83071"}],"wp:term":[{"taxonomy":"category","embeddable":true,"href":"https:\/\/www.sudoestehoje.com.br\/novoportal\/wp-json\/wp\/v2\/categories?post=83071"},{"taxonomy":"post_tag","embeddable":true,"href":"https:\/\/www.sudoestehoje.com.br\/novoportal\/wp-json\/wp\/v2\/tags?post=83071"}],"curies":[{"name":"wp","href":"https:\/\/api.w.org\/{rel}","templated":true}]}}