
{"id":83068,"date":"2019-10-07T22:06:46","date_gmt":"2019-10-08T01:06:46","guid":{"rendered":"https:\/\/www.sudoestehoje.com.br\/novoportal\/?p=83068"},"modified":"2019-10-18T22:13:07","modified_gmt":"2019-10-19T01:13:07","slug":"deputado-pedro-tavares-apresenta-projeto-que-visa-incentivo-a-vacinacao","status":"publish","type":"post","link":"https:\/\/www.sudoestehoje.com.br\/novoportal\/2019\/10\/07\/deputado-pedro-tavares-apresenta-projeto-que-visa-incentivo-a-vacinacao\/","title":{"rendered":"DEPUTADO PEDRO TAVARES APRESENTA PROJETO QUE VISA INCENTIVO \u00c0 VACINA\u00c7\u00c3O"},"content":{"rendered":"<p><strong> <a href=\"https:\/\/www.sudoestehoje.com.br\/novoportal\/wp-content\/uploads\/2019\/10\/PEDRO-VACINA.jpg\"><img loading=\"lazy\" decoding=\"async\" class=\"aligncenter size-medium wp-image-83069\" src=\"https:\/\/www.sudoestehoje.com.br\/novoportal\/wp-content\/uploads\/2019\/10\/PEDRO-VACINA-500x385.jpg\" alt=\"\" width=\"500\" height=\"385\" srcset=\"https:\/\/www.sudoestehoje.com.br\/novoportal\/wp-content\/uploads\/2019\/10\/PEDRO-VACINA-500x385.jpg 500w, https:\/\/www.sudoestehoje.com.br\/novoportal\/wp-content\/uploads\/2019\/10\/PEDRO-VACINA-700x538.jpg 700w, https:\/\/www.sudoestehoje.com.br\/novoportal\/wp-content\/uploads\/2019\/10\/PEDRO-VACINA.jpg 745w\" sizes=\"auto, (max-width: 500px) 100vw, 500px\" \/><\/a><\/strong><\/p>\n<p>O deputado estadual Pedro Tavares (DEM), apresentou na Assembleia Legislativa da Bahia, um projeto de lei que institui a Campanha \u201cQuem protege, vacina\u201d. As a\u00e7\u00f5es da campanha ter\u00e3o como foco, o calend\u00e1rio oficial de vacina\u00e7\u00e3o para conscientizar a todos quanto a import\u00e2ncia da imuniza\u00e7\u00e3o. O parlamentar defende que a sa\u00fade p\u00fablica \u00e9 dever do Estado, al\u00e9m do acesso ao servi\u00e7o essencial de combate e preven\u00e7\u00e3o de doen\u00e7as virais e bacterianas. Ele cita o surto de sarampo que acontece no pa\u00eds e como a vacina pode evitar a doen\u00e7a. S\u00f3 nos \u00faltimos 90 dias, 5.504 casos foram confirmados em todo o Brasil e ainda \u00e9 baixa a procura nos postos de sa\u00fade.<\/p>\n<p>\u201cO maior ataque \u00e0s doen\u00e7as virais e bact\u00e9rias ainda \u00e9 a vacina. Ao imunizar nos protegemos, livramos a sociedade de um surto e ou epidemia e temos a chance de at\u00e9 inativar v\u00edrus e bact\u00e9rias. Com a vacina nos isentamos de doen\u00e7as graves. Lembrando que muitas geram complica\u00e7\u00f5es, sequelas permanentes para o resto da vida, isso quando n\u00e3o matam. Com esse surto de sarampo que o Brasil enfrenta uma campanha estadual de vacina\u00e7\u00e3o faria uma diferen\u00e7a enorme\u201d, enfatizou.<\/p>\n<p>Segundo Tavares, a campanha vai atuar como a\u00e7\u00e3o efetiva de ampliar o n\u00famero de pessoas imunizadas, como tamb\u00e9m despertar os pais para a responsabilidade de vacinar os filhos. \u201cAs crian\u00e7as s\u00e3o as maiores v\u00edtimas da dissemina\u00e7\u00e3o de doen\u00e7as, uma vez que o sistema imunol\u00f3gico \u00e9 considerado imaturo, e tamb\u00e9m por frequentar ambientes coletivos como creches e escolas. Ao ter contato com mais pessoas e por compartilhar objetos est\u00e3o mais vulner\u00e1veis ao cont\u00e1gio\u201d, ressaltou.<\/p>\n<p>Al\u00e9m da import\u00e2ncia de proteger as crian\u00e7as, o deputado lembra que o Programa de Imuniza\u00e7\u00f5es (PNI) criado e gerenciado pelo Minist\u00e9rio da Sa\u00fade, tem como objetivo controlar todas as doen\u00e7as que podem ser erradicadas ou controladas com o uso da vacina.<\/p>\n<p>Tavares destaca que por ser de extrema import\u00e2ncia para a sa\u00fade da popula\u00e7\u00e3o, os rec\u00e9m nascidos recebem duas vacinas ainda na maternidade: a BCG vacina contra a tuberculose e a vacina contra a hepatite B. \u201cMas o trabalho de imuniza\u00e7\u00e3o prev\u00ea outras vacinas em idade espec\u00edficas e \u00e9 a\u00ed que a campanha para todas as vacinas do calend\u00e1rio oficial far\u00e1 a diferen\u00e7a ao alertar e convocar os pais para vacinar seus filhos\u201d, frisou.<\/p>\n","protected":false},"excerpt":{"rendered":"<p>O deputado estadual Pedro Tavares (DEM), apresentou na Assembleia Legislativa da Bahia, um projeto de lei que institui a Campanha \u201cQuem protege, vacina\u201d. As a\u00e7\u00f5es da campanha ter\u00e3o como foco, o calend\u00e1rio oficial de vacina\u00e7\u00e3o para conscientizar a todos quanto a import\u00e2ncia da imuniza\u00e7\u00e3o. O parlamentar defende que a sa\u00fade p\u00fablica \u00e9 dever do Estado, [&hellip;]<\/p>\n","protected":false},"author":2,"featured_media":83069,"comment_status":"open","ping_status":"open","sticky":false,"template":"","format":"standard","meta":{"footnotes":"","_links_to":"","_links_to_target":""},"categories":[1],"tags":[],"class_list":["post-83068","post","type-post","status-publish","format-standard","has-post-thumbnail","hentry","category-geral"],"views":721,"_links":{"self":[{"href":"https:\/\/www.sudoestehoje.com.br\/novoportal\/wp-json\/wp\/v2\/posts\/83068","targetHints":{"allow":["GET"]}}],"collection":[{"href":"https:\/\/www.sudoestehoje.com.br\/novoportal\/wp-json\/wp\/v2\/posts"}],"about":[{"href":"https:\/\/www.sudoestehoje.com.br\/novoportal\/wp-json\/wp\/v2\/types\/post"}],"author":[{"embeddable":true,"href":"https:\/\/www.sudoestehoje.com.br\/novoportal\/wp-json\/wp\/v2\/users\/2"}],"replies":[{"embeddable":true,"href":"https:\/\/www.sudoestehoje.com.br\/novoportal\/wp-json\/wp\/v2\/comments?post=83068"}],"version-history":[{"count":1,"href":"https:\/\/www.sudoestehoje.com.br\/novoportal\/wp-json\/wp\/v2\/posts\/83068\/revisions"}],"predecessor-version":[{"id":83070,"href":"https:\/\/www.sudoestehoje.com.br\/novoportal\/wp-json\/wp\/v2\/posts\/83068\/revisions\/83070"}],"wp:featuredmedia":[{"embeddable":true,"href":"https:\/\/www.sudoestehoje.com.br\/novoportal\/wp-json\/wp\/v2\/media\/83069"}],"wp:attachment":[{"href":"https:\/\/www.sudoestehoje.com.br\/novoportal\/wp-json\/wp\/v2\/media?parent=83068"}],"wp:term":[{"taxonomy":"category","embeddable":true,"href":"https:\/\/www.sudoestehoje.com.br\/novoportal\/wp-json\/wp\/v2\/categories?post=83068"},{"taxonomy":"post_tag","embeddable":true,"href":"https:\/\/www.sudoestehoje.com.br\/novoportal\/wp-json\/wp\/v2\/tags?post=83068"}],"curies":[{"name":"wp","href":"https:\/\/api.w.org\/{rel}","templated":true}]}}