
{"id":83064,"date":"2019-10-11T21:47:45","date_gmt":"2019-10-12T00:47:45","guid":{"rendered":"https:\/\/www.sudoestehoje.com.br\/novoportal\/?p=83064"},"modified":"2019-10-18T22:03:58","modified_gmt":"2019-10-19T01:03:58","slug":"pedro-tavares-exalta-momento-de-fe-e-expectativa-de-crescimento-de-turistas-com-canonizacao-de-irma-dulce","status":"publish","type":"post","link":"https:\/\/www.sudoestehoje.com.br\/novoportal\/2019\/10\/11\/pedro-tavares-exalta-momento-de-fe-e-expectativa-de-crescimento-de-turistas-com-canonizacao-de-irma-dulce\/","title":{"rendered":"PEDRO TAVARES EXALTA MOMENTO DE F\u00c9 E EXPECTATIVA DE CRESCIMENTO DE TURISTAS COM CANONIZA\u00c7\u00c3O DE IRM\u00c3 DULCE"},"content":{"rendered":"<div>\n<div dir=\"ltr\">\n<div class=\"yiv4952184987gmail_default\">\n<p><a href=\"https:\/\/www.sudoestehoje.com.br\/novoportal\/wp-content\/uploads\/2019\/10\/PEDRO-IRM\u00c3-DULCE.jpg\"><img loading=\"lazy\" decoding=\"async\" class=\"aligncenter  wp-image-83066\" src=\"https:\/\/www.sudoestehoje.com.br\/novoportal\/wp-content\/uploads\/2019\/10\/PEDRO-IRM\u00c3-DULCE.jpg\" alt=\"\" width=\"500\" height=\"376\" \/><\/a><\/p>\n<p>O presidente da Comiss\u00e3o de Infraestrutura, Desenvolvimento Econ\u00f4mico e Turismo da Assembleia Legislativa da Bahia, deputado Pedro Tavares (DEM), destacou a emo\u00e7\u00e3o dos cat\u00f3licos baianos com a canoniza\u00e7\u00e3o de Irm\u00e3 Dulce e ressaltou a expectativa de crescimento no n\u00famero de turistas, no estado, ap\u00f3s o ato do Vaticano. Tavares pretende visitar o complexo em Salvador, onde fica o santu\u00e1rio, na Cidade Baixa, em Salvador ao lado dos demais membros da Comiss\u00e3o.<\/p>\n<p>\u201cA santidade de Irm\u00e3 Dulce \u00e9 um grande sinal de f\u00e9 para n\u00f3s, fato que nos d\u00e1 imenso orgulho, sendo a sua hist\u00f3ria um s\u00edmbolo de inspira\u00e7\u00e3o para todos os crist\u00e3os\u201d, afirmou.<\/p>\n<p>O parlamentar diz que a bondade da Santa Dulce continua a fazer hist\u00f3ria, pois conforme dados divulgados na imprensa, a Igreja Cat\u00f3lica estima a movimenta\u00e7\u00e3o de cerca de cinco milh\u00f5es de pessoas por ano na Bahia com o turismo religioso.<\/p>\n<p>\u201cA nossa capital que j\u00e1 tem um brilho pr\u00f3prio, elementos em destaque como a cultura, musicalidade, patrim\u00f4nio hist\u00f3rico e belas praias agora tem uma santa, o que deve atrair muitos peregrinos para conhecerem de perto a sua hist\u00f3ria e devo\u00e7\u00e3o. A sua santidade potencializa o turismo religioso, sendo importante para a gera\u00e7\u00e3o de renda, na capital baiana\u201d, afirmou.<\/p>\n<p>Segundo Tavares, o Poder P\u00fablico deve aproveitar esse potencial com mais investimentos. \u201c\u00c9 louv\u00e1vel a idealiza\u00e7\u00e3o do Caminho da F\u00e9, pela Prefeitura de Salvador, aproveitando o percurso que come\u00e7a no Largo de Roma, onde est\u00e3o as Obras Assistenciais (Osid) at\u00e9 o Bonfim. Isso tudo deve atrair romarias e por consequ\u00eancia mais hospedagens, mais vendas de artigos religiosos, mais movimento nos restaurantes, entre outros, ou seja, mais oportunidades para o mercado formal e informal\u201d, frisou.<\/p>\n<\/div>\n<\/div>\n<div dir=\"ltr\"><\/div>\n<\/div>\n<div><\/div>\n<div class=\"blog-footer margin-five sm-margin-bottom-two\"><\/div>\n","protected":false},"excerpt":{"rendered":"<p>O presidente da Comiss\u00e3o de Infraestrutura, Desenvolvimento Econ\u00f4mico e Turismo da Assembleia Legislativa da Bahia, deputado Pedro Tavares (DEM), destacou a emo\u00e7\u00e3o dos cat\u00f3licos baianos com a canoniza\u00e7\u00e3o de Irm\u00e3 Dulce e ressaltou a expectativa de crescimento no n\u00famero de turistas, no estado, ap\u00f3s o ato do Vaticano. Tavares pretende visitar o complexo em Salvador, [&hellip;]<\/p>\n","protected":false},"author":2,"featured_media":83066,"comment_status":"open","ping_status":"open","sticky":false,"template":"","format":"standard","meta":{"footnotes":"","_links_to":"","_links_to_target":""},"categories":[1],"tags":[],"class_list":["post-83064","post","type-post","status-publish","format-standard","has-post-thumbnail","hentry","category-geral"],"views":648,"_links":{"self":[{"href":"https:\/\/www.sudoestehoje.com.br\/novoportal\/wp-json\/wp\/v2\/posts\/83064","targetHints":{"allow":["GET"]}}],"collection":[{"href":"https:\/\/www.sudoestehoje.com.br\/novoportal\/wp-json\/wp\/v2\/posts"}],"about":[{"href":"https:\/\/www.sudoestehoje.com.br\/novoportal\/wp-json\/wp\/v2\/types\/post"}],"author":[{"embeddable":true,"href":"https:\/\/www.sudoestehoje.com.br\/novoportal\/wp-json\/wp\/v2\/users\/2"}],"replies":[{"embeddable":true,"href":"https:\/\/www.sudoestehoje.com.br\/novoportal\/wp-json\/wp\/v2\/comments?post=83064"}],"version-history":[{"count":2,"href":"https:\/\/www.sudoestehoje.com.br\/novoportal\/wp-json\/wp\/v2\/posts\/83064\/revisions"}],"predecessor-version":[{"id":83067,"href":"https:\/\/www.sudoestehoje.com.br\/novoportal\/wp-json\/wp\/v2\/posts\/83064\/revisions\/83067"}],"wp:featuredmedia":[{"embeddable":true,"href":"https:\/\/www.sudoestehoje.com.br\/novoportal\/wp-json\/wp\/v2\/media\/83066"}],"wp:attachment":[{"href":"https:\/\/www.sudoestehoje.com.br\/novoportal\/wp-json\/wp\/v2\/media?parent=83064"}],"wp:term":[{"taxonomy":"category","embeddable":true,"href":"https:\/\/www.sudoestehoje.com.br\/novoportal\/wp-json\/wp\/v2\/categories?post=83064"},{"taxonomy":"post_tag","embeddable":true,"href":"https:\/\/www.sudoestehoje.com.br\/novoportal\/wp-json\/wp\/v2\/tags?post=83064"}],"curies":[{"name":"wp","href":"https:\/\/api.w.org\/{rel}","templated":true}]}}