
{"id":83058,"date":"2019-10-18T21:34:37","date_gmt":"2019-10-19T00:34:37","guid":{"rendered":"https:\/\/www.sudoestehoje.com.br\/novoportal\/?p=83058"},"modified":"2019-10-18T21:34:37","modified_gmt":"2019-10-19T00:34:37","slug":"pedro-tavares-volta-a-criticar-precos-de-passagens-aereas-para-ilheus","status":"publish","type":"post","link":"https:\/\/www.sudoestehoje.com.br\/novoportal\/2019\/10\/18\/pedro-tavares-volta-a-criticar-precos-de-passagens-aereas-para-ilheus\/","title":{"rendered":"PEDRO TAVARES VOLTA A CRITICAR PRE\u00c7OS DE PASSAGENS A\u00c9REAS PARA ILH\u00c9US"},"content":{"rendered":"<p class=\"yiv4952184987MsoNormal\"><a href=\"https:\/\/www.sudoestehoje.com.br\/novoportal\/wp-content\/uploads\/2019\/10\/PEDRO-TAVARES-PASSAGENS.jpeg\"><img loading=\"lazy\" decoding=\"async\" class=\"wp-image-83059 alignleft\" src=\"https:\/\/www.sudoestehoje.com.br\/novoportal\/wp-content\/uploads\/2019\/10\/PEDRO-TAVARES-PASSAGENS-500x667.jpeg\" alt=\"\" width=\"226\" height=\"301\" \/><\/a><\/p>\n<p class=\"yiv4952184987MsoNormal\">O deputado estadual Pedro Tavares (DEM), presidente da Comiss\u00e3o de Infraestrutura, Desenvolvimento Econ\u00f4mico e Turismo da Assembleia Legislativa da Bahia, disse hoje que os valores das passagens a\u00e9reas para Ilh\u00e9us s\u00e3o um verdadeiro assalto ao bolso dos consumidores. Tavares frisou que vai continuar levantando a voz contra os pre\u00e7os dos bilhetes, fator que tem prejudicado o turismo de Ilh\u00e9us e regi\u00e3o, j\u00e1 que os custos afastam os visitantes.<\/p>\n<p class=\"yiv4952184987MsoNormal\">O parlamentar relatou que que viajaria com destino a Ilh<span class=\"yiv4952184987gmail_default\">\u00e9u<\/span>s entre hoje (18\/10) e amanh\u00e3 (19\/10), mas desistiu diante do valor cobrado para o trecho. \u201cComo pode o consumidor pagar R$3 mil por um voo com dura\u00e7\u00e3o de 30 minutos, saindo de Salvador para Ilh\u00e9us, o mesmo valor que daria para ir e voltar a Miami<span class=\"yiv4952184987gmail_default\">(EUA)<\/span>? Isso \u00e9 um esc\u00e1rnio, um absurdo contra o consumidor\u201d, condenou.<\/p>\n<p class=\"yiv4952184987MsoNormal\">Segundo Tavares, \u00e9 preciso que haja alternativas contra esse problema que j\u00e1 se tornou cr\u00f4nico. O deputado lembrou a audi\u00eancia p\u00fablica que foi realizada na Assembleia Legislativa da Bahia com o intuito de debater a quest\u00e3o. \u201cInfelizmente a situa\u00e7\u00e3o permanece, o que pode impactar no turismo e na economia da cidade e de toda a regi\u00e3o. Essa preocupa\u00e7\u00e3o aumenta com a chegada do ver\u00e3o. Mas n\u00f3s n\u00e3o descansaremos na den\u00fancia e cobran\u00e7a por solu\u00e7\u00f5es\u201d, afirmou.<\/p>\n","protected":false},"excerpt":{"rendered":"<p>O deputado estadual Pedro Tavares (DEM), presidente da Comiss\u00e3o de Infraestrutura, Desenvolvimento Econ\u00f4mico e Turismo da Assembleia Legislativa da Bahia, disse hoje que os valores das passagens a\u00e9reas para Ilh\u00e9us s\u00e3o um verdadeiro assalto ao bolso dos consumidores. Tavares frisou que vai continuar levantando a voz contra os pre\u00e7os dos bilhetes, fator que tem prejudicado [&hellip;]<\/p>\n","protected":false},"author":2,"featured_media":83059,"comment_status":"open","ping_status":"open","sticky":false,"template":"","format":"standard","meta":{"footnotes":"","_links_to":"","_links_to_target":""},"categories":[1],"tags":[],"class_list":["post-83058","post","type-post","status-publish","format-standard","has-post-thumbnail","hentry","category-geral"],"views":727,"_links":{"self":[{"href":"https:\/\/www.sudoestehoje.com.br\/novoportal\/wp-json\/wp\/v2\/posts\/83058","targetHints":{"allow":["GET"]}}],"collection":[{"href":"https:\/\/www.sudoestehoje.com.br\/novoportal\/wp-json\/wp\/v2\/posts"}],"about":[{"href":"https:\/\/www.sudoestehoje.com.br\/novoportal\/wp-json\/wp\/v2\/types\/post"}],"author":[{"embeddable":true,"href":"https:\/\/www.sudoestehoje.com.br\/novoportal\/wp-json\/wp\/v2\/users\/2"}],"replies":[{"embeddable":true,"href":"https:\/\/www.sudoestehoje.com.br\/novoportal\/wp-json\/wp\/v2\/comments?post=83058"}],"version-history":[{"count":1,"href":"https:\/\/www.sudoestehoje.com.br\/novoportal\/wp-json\/wp\/v2\/posts\/83058\/revisions"}],"predecessor-version":[{"id":83060,"href":"https:\/\/www.sudoestehoje.com.br\/novoportal\/wp-json\/wp\/v2\/posts\/83058\/revisions\/83060"}],"wp:featuredmedia":[{"embeddable":true,"href":"https:\/\/www.sudoestehoje.com.br\/novoportal\/wp-json\/wp\/v2\/media\/83059"}],"wp:attachment":[{"href":"https:\/\/www.sudoestehoje.com.br\/novoportal\/wp-json\/wp\/v2\/media?parent=83058"}],"wp:term":[{"taxonomy":"category","embeddable":true,"href":"https:\/\/www.sudoestehoje.com.br\/novoportal\/wp-json\/wp\/v2\/categories?post=83058"},{"taxonomy":"post_tag","embeddable":true,"href":"https:\/\/www.sudoestehoje.com.br\/novoportal\/wp-json\/wp\/v2\/tags?post=83058"}],"curies":[{"name":"wp","href":"https:\/\/api.w.org\/{rel}","templated":true}]}}